{"id":292914,"date":"2023-12-04T17:47:21","date_gmt":"2023-12-04T14:47:21","guid":{"rendered":"https:\/\/sana.sy\/tr\/?p=292914"},"modified":"2023-12-05T12:41:13","modified_gmt":"2023-12-05T09:41:13","slug":"isgalin-gazzeye-yonelik-saldirganligi-59uncu-gununde-onlarca-sehit-ve-yarali","status":"publish","type":"post","link":"https:\/\/archive.sana.sy\/tr\/?p=292914","title":{"rendered":"\u0130\u015fgalin Gazze&#8217;ye Y\u00f6nelik Sald\u0131rganl\u0131\u011f\u0131 \u00a059&#8217;uncu G\u00fcn\u00fcnde.. Onlarca \u015eehit Ve Yaral\u0131"},"content":{"rendered":"<p style=\"text-align: justify;\"><strong>\u0130\u015eGAL ED\u0130LEN KUD\u00dcS 04 ARALIK (SANA)<\/strong> &#8211; \u0130srail&#8217;in ku\u015fatma alt\u0131ndaki Gazze \u015eeridi&#8217;ne y\u00f6nelik elli dokuzuncu g\u00fcn\u00fcnde devam eden i\u015fgal sald\u0131r\u0131s\u0131, onlarca evin y\u0131k\u0131lmas\u0131 ve Kemal Edvan Hastanesi&#8217;nin bombalanmas\u0131 sonucu bug\u00fcn onlarca Filistinli \u015fehit oldu ve yaraland\u0131.<\/p>\n<p style=\"text-align: justify;\">Wafa Ajans\u0131, \u2018\u2019\u0130\u015fgal u\u00e7aklar\u0131 bug\u00fcn \u015fafak vakti Gazze \u015eeridi&#8217;nin kuzeyindeki Cebeliye&#8217;deki Kamal Edvan Hastanesi&#8217;nin kuzey kap\u0131s\u0131n\u0131 bombalad\u0131. 4 ki\u015finin \u00f6l\u00fcm\u00fcne, en az 9 ki\u015finin de yaralanmas\u0131na yol a\u00e7an olayda, hastalar aras\u0131nda panik ya\u015fan\u0131rken, 10 binden fazla ki\u015fi de g\u00fcvenlik aray\u0131\u015f\u0131yla hastaneye s\u0131\u011f\u0131nd\u0131. \u0130\u015fgal u\u00e7aklar\u0131 ayr\u0131ca hastaneye yak\u0131n yerle\u015fim alanlar\u0131n\u0131 da tahrip ederek onlarca ki\u015finin \u00f6l\u00fcm\u00fcne ve yaralanmas\u0131na neden oldu\u2019\u2019 dedi.<\/p>\n<p style=\"text-align: justify;\">\u0130\u015fgal u\u00e7aklar\u0131, Cebeliye&#8217;de yerinden edilmi\u015f ki\u015filerin ya\u015fad\u0131\u011f\u0131 bir okulu, Gazze \u015eeridi&#8217;nin kuzeyinde Beyit Lahiya&#8217;daki evleri, merkezdeki Deir el-Balah&#8217;\u0131, g\u00fcneyindeki Refah ve Han Yunus&#8217;u ve Gazze&#8217;deki Tuffah mahallesini bombalad\u0131. Bu durum, aralar\u0131nda bir kad\u0131n gazeteci ve 3 Sivil Savunma mensubunun da bulundu\u011fu onlarca ki\u015finin \u00f6l\u00fcm\u00fcne ve yaralanmas\u0131na yol a\u00e7t\u0131.<\/p>\n<p style=\"text-align: justify;\">\u0130\u015fgal tanklar\u0131 Han Yunus&#8217;un kuzeyindeki Salaheddin Caddesi&#8217;nde bir arabay\u0131 bombalad\u0131. Bu \u00c7ok say\u0131da Filistinlinin \u00f6l\u00fcm\u00fcne ve yaralanmas\u0131na yol a\u00e7t\u0131.<\/p>\n<p style=\"text-align: justify;\">\u0130\u015fgal top\u00e7usu ayr\u0131ca Nuseyrat kamp\u0131ndaki evleri, Filistin Meydan\u0131 ve El \u015eebiye b\u00f6lgesini, El Mamadani Hastanesi civar\u0131n\u0131 ve Gazze&#8217;deki \u015eucaiye mahallesini bombalamay\u0131 yo\u011funla\u015ft\u0131rd\u0131.<\/p>\n<p style=\"text-align: justify;\">Gazze Medya Ofisi, i\u015fgalcilerin Kemal Edvan Hastanesi&#8217;ni bombalamas\u0131n\u0131n uluslararas\u0131 ve insani hukuk h\u00fck\u00fcmlerinin ve insanl\u0131\u011f\u0131n en temel de\u011ferlerinin ciddi bir ihlali oldu\u011funu, sa\u011fl\u0131k sekt\u00f6r\u00fcn\u00fc ortadan kald\u0131rmay\u0131 ama\u00e7layan entegre bir \u0130srail plan\u0131n\u0131n varl\u0131\u011f\u0131na i\u015faret etti\u011fini do\u011frulad\u0131. .<\/p>\n<p style=\"text-align: justify;\">Ofis, i\u015fgalcilerin Gazze \u015eehri ve kuzeyindeki 14&#8217;ten fazla hastaneyi u\u00e7ak f\u00fczeleri ve tank toplar\u0131yla do\u011frudan bombalad\u0131\u011f\u0131n\u0131, \u00e7ok say\u0131da doktora suikast giri\u015fiminde bulundu\u011funu ve 35 doktoru tutuklad\u0131\u011f\u0131n\u0131 a\u00e7\u0131klad\u0131.<\/p>\n<p style=\"text-align: justify;\">Ofis ayr\u0131ca, ABD \u00f6nc\u00fcl\u00fc\u011f\u00fcndeki uluslararas\u0131 topluma, uluslararas\u0131 hukuka g\u00f6re cezaland\u0131r\u0131labilecek bir organize sava\u015f su\u00e7u oldu\u011fu i\u00e7in \u00a0Gazze&#8217;deki hastaneleri hedef almak ve sa\u011fl\u0131k sekt\u00f6r\u00fcn\u00fc yok etmek i\u00e7in i\u015fgale ye\u015fil \u0131\u015f\u0131k yak\u0131lmas\u0131n\u0131 durdurma \u00e7a\u011fr\u0131s\u0131nda bulundu.<\/p>\n<p style=\"text-align: center;\"><strong><a href=\"https:\/\/t.me\/SuriyeArapHaberAjansI\">Telegram Kanal\u0131m\u0131z\u00a0<\/a>||<a href=\"https:\/\/twitter.com\/arap_ajans\">X Platformumuz\u00a0<\/a>||<a href=\"https:\/\/www.facebook.com\/SANAHaberAjansi\/\">Facebook Sayfam\u0131z<\/a><\/strong><\/p>\n<p style=\"text-align: justify;\">\n","protected":false},"excerpt":{"rendered":"<p>\u0130\u015eGAL ED\u0130LEN KUD\u00dcS 04 ARALIK (SANA) &#8211; \u0130srail&#8217;in ku\u015fatma alt\u0131ndaki Gazze \u015eeridi&#8217;ne y\u00f6nelik elli dokuzuncu g\u00fcn\u00fcnde devam eden i\u015fgal sald\u0131r\u0131s\u0131, onlarca evin y\u0131k\u0131lmas\u0131 ve Kemal Edvan Hastanesi&#8217;nin bombalanmas\u0131 sonucu bug\u00fcn onlarca Filistinli \u015fehit oldu ve yaraland\u0131. Wafa Ajans\u0131, \u2018\u2019\u0130\u015fgal u\u00e7aklar\u0131 bug\u00fcn \u015fafak vakti Gazze \u015eeridi&#8217;nin kuzeyindeki Cebeliye&#8217;deki Kamal Edvan Hastanesi&#8217;nin kuzey kap\u0131s\u0131n\u0131 bombalad\u0131. 4 ki\u015finin &hellip;<\/p>\n","protected":false},"author":41,"featured_media":292915,"comment_status":"closed","ping_status":"closed","sticky":false,"template":"","format":"standard","meta":{"footnotes":""},"categories":[458,459,17988],"tags":[40508],"class_list":["post-292914","post","type-post","status-publish","format-standard","has-post-thumbnail","","category-dunya1","category-haberler-arap-uluslararasi-politika","category-son-haberler","tag-isgalin-gazzeye-yonelik-saldirganligi-59uncu-gununde-onlarca-sehit-ve-yarali"],"_links":{"self":[{"href":"https:\/\/archive.sana.sy\/tr\/index.php?rest_route=\/wp\/v2\/posts\/292914","targetHints":{"allow":["GET"]}}],"collection":[{"href":"https:\/\/archive.sana.sy\/tr\/index.php?rest_route=\/wp\/v2\/posts"}],"about":[{"href":"https:\/\/archive.sana.sy\/tr\/index.php?rest_route=\/wp\/v2\/types\/post"}],"author":[{"embeddable":true,"href":"https:\/\/archive.sana.sy\/tr\/index.php?rest_route=\/wp\/v2\/users\/41"}],"replies":[{"embeddable":true,"href":"https:\/\/archive.sana.sy\/tr\/index.php?rest_route=%2Fwp%2Fv2%2Fcomments&post=292914"}],"version-history":[{"count":3,"href":"https:\/\/archive.sana.sy\/tr\/index.php?rest_route=\/wp\/v2\/posts\/292914\/revisions"}],"predecessor-version":[{"id":292939,"href":"https:\/\/archive.sana.sy\/tr\/index.php?rest_route=\/wp\/v2\/posts\/292914\/revisions\/292939"}],"wp:featuredmedia":[{"embeddable":true,"href":"https:\/\/archive.sana.sy\/tr\/index.php?rest_route=\/wp\/v2\/media\/292915"}],"wp:attachment":[{"href":"https:\/\/archive.sana.sy\/tr\/index.php?rest_route=%2Fwp%2Fv2%2Fmedia&parent=292914"}],"wp:term":[{"taxonomy":"category","embeddable":true,"href":"https:\/\/archive.sana.sy\/tr\/index.php?rest_route=%2Fwp%2Fv2%2Fcategories&post=292914"},{"taxonomy":"post_tag","embeddable":true,"href":"https:\/\/archive.sana.sy\/tr\/index.php?rest_route=%2Fwp%2Fv2%2Ftags&post=292914"}],"curies":[{"name":"wp","href":"https:\/\/api.w.org\/{rel}","templated":true}]}}