{"id":292924,"date":"2023-12-05T09:07:44","date_gmt":"2023-12-05T06:07:44","guid":{"rendered":"https:\/\/sana.sy\/tr\/?p=292924"},"modified":"2023-12-05T12:41:20","modified_gmt":"2023-12-05T09:41:20","slug":"lubnan-direnisi-isgal-edilen-filistin-sinirindaki-dusman-israil-mevzilerini-hedef-aldi","status":"publish","type":"post","link":"https:\/\/archive.sana.sy\/tr\/?p=292924","title":{"rendered":"L\u00fcbnan Direni\u015fi, \u0130\u015fgal Edilen Filistin S\u0131n\u0131r\u0131ndaki D\u00fc\u015fman \u0130srail Mevzilerini Hedef Ald\u0131"},"content":{"rendered":"<p style=\"text-align: justify;\"><strong>BEYRUT 05 Aral\u0131k 2023 (SANA) \u2013 <\/strong>Ulusal L\u00fcbnan direni\u015fi, i\u015fgal edilen filistin s\u0131n\u0131r\u0131ndaki d\u00fc\u015fman israil\u2019in mevzilerini ve toplant\u0131lar\u0131n\u0131 hedef alarak do\u011frudan isabet sa\u011flad\u0131.<\/p>\n<p style=\"text-align: justify;\">Filistinli Direni\u015fi yapt\u0131\u011f\u0131 a\u00e7\u0131klamada, \u201cGazze\u2019deki kararl\u0131 Filistinli halk\u0131na, yi\u011fit direni\u015fine destek vermek amac\u0131yla sava\u015f\u00e7\u0131lar\u0131m\u0131z, Kerm El Tufah ve Hanita\u2019daki d\u00fc\u015fmam \u0130srail iki piyade birli\u011fini uygun silahlarla hedef alarak, do\u011frudan isabetler sa\u011flad\u0131\u201d dedi.<\/p>\n<p style=\"text-align: justify;\">Direni\u015f sava\u015f\u00e7\u0131lar\u0131 ayr\u0131ca, Meskaf Am b\u00f6lgesi do\u011fusundaki toplanan \u0130srail i\u015fgal askerlerini g\u00fcnd\u00fcml\u00fc f\u00fczelerle hedef alarak do\u011frudan isabet elde etti, Berket Ri\u015fa ve Cel El Alam b\u00f6lgelerini uygu silahlarla hedef alarak da do\u011frudan hedeflerini vuruldu.<\/p>\n<p style=\"text-align: center;\"><strong><a href=\"https:\/\/t.me\/SuriyeArapHaberAjansI\">Telegram Kanal\u0131m\u0131z\u00a0<\/a>||<a href=\"https:\/\/twitter.com\/arap_ajans\">X Platformumuz\u00a0<\/a>||<a href=\"https:\/\/www.facebook.com\/SANAHaberAjansi\/\">Facebook Sayfam\u0131z<\/a><\/strong><\/p>\n","protected":false},"excerpt":{"rendered":"<p>BEYRUT 05 Aral\u0131k 2023 (SANA) \u2013 Ulusal L\u00fcbnan direni\u015fi, i\u015fgal edilen filistin s\u0131n\u0131r\u0131ndaki d\u00fc\u015fman israil\u2019in mevzilerini ve toplant\u0131lar\u0131n\u0131 hedef alarak do\u011frudan isabet sa\u011flad\u0131. Filistinli Direni\u015fi yapt\u0131\u011f\u0131 a\u00e7\u0131klamada, \u201cGazze\u2019deki kararl\u0131 Filistinli halk\u0131na, yi\u011fit direni\u015fine destek vermek amac\u0131yla sava\u015f\u00e7\u0131lar\u0131m\u0131z, Kerm El Tufah ve Hanita\u2019daki d\u00fc\u015fmam \u0130srail iki piyade birli\u011fini uygun silahlarla hedef alarak, do\u011frudan isabetler sa\u011flad\u0131\u201d dedi. &hellip;<\/p>\n","protected":false},"author":39,"featured_media":292925,"comment_status":"closed","ping_status":"closed","sticky":false,"template":"","format":"standard","meta":{"footnotes":""},"categories":[458,459,17988],"tags":[],"class_list":["post-292924","post","type-post","status-publish","format-standard","has-post-thumbnail","","category-dunya1","category-haberler-arap-uluslararasi-politika","category-son-haberler"],"_links":{"self":[{"href":"https:\/\/archive.sana.sy\/tr\/index.php?rest_route=\/wp\/v2\/posts\/292924","targetHints":{"allow":["GET"]}}],"collection":[{"href":"https:\/\/archive.sana.sy\/tr\/index.php?rest_route=\/wp\/v2\/posts"}],"about":[{"href":"https:\/\/archive.sana.sy\/tr\/index.php?rest_route=\/wp\/v2\/types\/post"}],"author":[{"embeddable":true,"href":"https:\/\/archive.sana.sy\/tr\/index.php?rest_route=\/wp\/v2\/users\/39"}],"replies":[{"embeddable":true,"href":"https:\/\/archive.sana.sy\/tr\/index.php?rest_route=%2Fwp%2Fv2%2Fcomments&post=292924"}],"version-history":[{"count":6,"href":"https:\/\/archive.sana.sy\/tr\/index.php?rest_route=\/wp\/v2\/posts\/292924\/revisions"}],"predecessor-version":[{"id":292934,"href":"https:\/\/archive.sana.sy\/tr\/index.php?rest_route=\/wp\/v2\/posts\/292924\/revisions\/292934"}],"wp:featuredmedia":[{"embeddable":true,"href":"https:\/\/archive.sana.sy\/tr\/index.php?rest_route=\/wp\/v2\/media\/292925"}],"wp:attachment":[{"href":"https:\/\/archive.sana.sy\/tr\/index.php?rest_route=%2Fwp%2Fv2%2Fmedia&parent=292924"}],"wp:term":[{"taxonomy":"category","embeddable":true,"href":"https:\/\/archive.sana.sy\/tr\/index.php?rest_route=%2Fwp%2Fv2%2Fcategories&post=292924"},{"taxonomy":"post_tag","embeddable":true,"href":"https:\/\/archive.sana.sy\/tr\/index.php?rest_route=%2Fwp%2Fv2%2Ftags&post=292924"}],"curies":[{"name":"wp","href":"https:\/\/api.w.org\/{rel}","templated":true}]}}