{"id":292928,"date":"2023-12-05T10:11:23","date_gmt":"2023-12-05T07:11:23","guid":{"rendered":"https:\/\/sana.sy\/tr\/?p=292928"},"modified":"2023-12-06T09:14:23","modified_gmt":"2023-12-06T06:14:23","slug":"aksa-tufani-operasyonun-one-cikan-gelismeleri-26","status":"publish","type":"post","link":"https:\/\/archive.sana.sy\/tr\/?p=292928","title":{"rendered":"Aksa Tufan\u0131 Operasyonun \u00d6ne \u00c7\u0131kan Geli\u015fmeleri"},"content":{"rendered":"<p><strong>\u0130\u015eGAL ED\u0130LEN KUD\u00dcS 05 Aral\u0131k 2023 (SANA)<\/strong> \u2013 Filistin direni\u015finin \u0130srail i\u015fgalinin sald\u0131r\u0131lar\u0131na yan\u0131t olarak ba\u015flatt\u0131\u011f\u0131 Aksa Tufan\u0131 Harekat\u0131\u2019nda \u00f6ne \u00e7\u0131kan geli\u015fmeler:<\/p>\n<ul style=\"text-align: justify;\">\n<li>Filistin direni\u015fi, Gazze \u015eeridi&#8217;nin g\u00fcneyindeki Han Yunus&#8217;un do\u011fusunda 4 Siyonist arac\u0131 &#8220;El Yassin 105&#8221; f\u00fczeleriyle hedef ald\u0131.<\/li>\n<li>Filistin Direni\u015fi: Sava\u015f\u00e7\u0131lar\u0131m\u0131z, Gazze \u015eeridi&#8217;nin g\u00fcneyindeki Han Yunus&#8217;un do\u011fusunda iki Siyonist askeri &#8220;El \u011eul Kassem&#8221; t\u00fcfe\u011fiyle vurarak do\u011frudan yaralad\u0131.<\/li>\n<li>Filistin direni\u015fi, devam eden katliamlara tepki olarak \u201cMagen\u201d yerle\u015fiminin do\u011fusundaki \u0130srail d\u00fc\u015fman yo\u011funla\u015fmalar\u0131n\u0131 f\u00fczeylerle hedef ald\u0131.<\/li>\n<li>Filistin direni\u015fi, Gazze \u015eeridi&#8217;nin g\u00fcneyinde Han Yunus&#8217;un do\u011fusundaki sald\u0131r\u0131 ekseninde iki RPG mermisi ve bir &#8220;El Yasin 105&#8221; f\u00fczeleriyle ta\u015f\u0131yan Siyonist askeri arac\u0131 hedef ald\u0131.<\/li>\n<li>Filistin direni\u015fi, do\u011fu Gazze&#8217;ye y\u00f6nelik sald\u0131r\u0131 ekseninde Siyonist askeri arac\u0131 &#8220;Tandum&#8221; f\u00fczeleriyle hedef ald\u0131.<\/li>\n<li>Filistin direni\u015fi Gazze&#8217;nin Shujaiya mahallesindeki iki Siyonist tank\u0131 f\u00fczeleriyle hedef al\u0131yor.<\/li>\n<li>Filistin direni\u015fi, Gazze \u015eeridi&#8217;nin g\u00fcneyindeki Han Yunus&#8217;un do\u011fusunda 5 \u0130srail i\u015fgal arac\u0131n\u0131 &#8220;El Yasin 105&#8221; f\u00fczeleriyle hedef ald\u0131.<\/li>\n<li>Filistin Sa\u011fl\u0131k Bakanl\u0131\u011f\u0131: Uluslararas\u0131 topluma Gazze \u015eeridi&#8217;ne akaryak\u0131t, sahra hastaneleri ve t\u0131bbi yard\u0131m sa\u011flamaya \u00e7a\u011f\u0131r\u0131yoruz.<\/li>\n<li>Filistin Sa\u011fl\u0131k Bakanl\u0131\u011f\u0131: \u0130srail i\u015fgali, Gazze \u015eeridi&#8217;nin kuzeyindeki Kamal Edvan Hastanesi&#8217;ni tanklarla ve keskin ni\u015fanc\u0131lar\u0131yla hareket eden herkese ate\u015f ederek ku\u015fatmaya devam ediyor.<\/li>\n<li style=\"text-align: justify;\">Filistin direni\u015fi, Gazze \u015eeridi&#8217;nin g\u00fcneyindeki Han Yunus&#8217;un do\u011fusundaki sald\u0131r\u0131 ekseninde bulunan El Avda Bakery yak\u0131nlar\u0131nda Siyonist bir askeri arac\u0131 &#8220;RPG&#8221; mermisiyle hedef ald\u0131.<\/li>\n<li style=\"text-align: justify;\">Filistin direni\u015fi, Gazze \u015eeridi&#8217;nin g\u00fcneyindeki Han Yunus&#8217;un do\u011fusuna giren Siyonist d\u00fc\u015fmana ait bir tank\u0131 \u201cEl Yassin 105\u201d f\u00fczeleriyle hedef ald\u0131.<\/li>\n<li style=\"text-align: justify;\">Birle\u015fmi\u015f Milletler, \u0130srail sald\u0131rganl\u0131\u011f\u0131n\u0131n bir sonucu olarak Gazze&#8217;deki durumun korkun\u00e7 bir \u015fekilde k\u00f6t\u00fcle\u015fti\u011fi konusunda uyard\u0131<\/li>\n<li style=\"text-align: justify;\">Filistin direni\u015fi, Gazze \u015eeridi&#8217;nin g\u00fcneyindeki Han Yunus \u015fehrinin do\u011fusunda &#8220;El Yassin 105&#8221; f\u00fczeleriyle 3 Siyonist d\u00fc\u015fman arac\u0131n\u0131 hedef ald\u0131.<\/li>\n<li style=\"text-align: justify;\">Filistin medyas\u0131: \u0130srail i\u015fgal u\u00e7aklar\u0131n\u0131n Gazze \u015eeridi&#8217;nin kuzeyindeki Cebeliye&#8217;de \u00e7ok say\u0131da evi bombalamas\u0131 sonucu onlarca \u015fehit ve yaral\u0131.<\/li>\n<li style=\"text-align: justify;\">\u0130srail i\u015fgali, Gazze \u015eeridi&#8217;nde Filistin direni\u015fiyle \u00e7\u0131kan \u00e7at\u0131\u015fmalarda bir subay ve iki askerin \u00f6ld\u00fcr\u00fcld\u00fc\u011f\u00fcn\u00fc ve di\u011fer 4 askerin de ciddi \u015fekilde yaraland\u0131\u011f\u0131n\u0131 itiraf etti.<\/li>\n<li style=\"text-align: justify;\">Filistin medyas\u0131: \u0130srail i\u015fgal u\u00e7aklar\u0131n\u0131n Gazze&#8217;nin \u015eeyh Redvan mahallesinin g\u00fcneyindeki bir konut binas\u0131n\u0131 bombalamas\u0131 sonucu onlarca \u015fehit ve \u00e7ok say\u0131da yaral\u0131.<\/li>\n<li style=\"text-align: justify;\">Filistin medyas\u0131: \u0130srail i\u015fgal u\u00e7aklar\u0131n\u0131n Gazze \u015eeridi&#8217;nin g\u00fcneyindeki Han Yunus kamp\u0131ndaki bir evi bombalamas\u0131 sonucu \u015fehitler ve \u00e7ok say\u0131da yaral\u0131 var.<\/li>\n<li style=\"text-align: justify;\">Filistin direni\u015fi, Bat\u0131 \u015eeria&#8217;daki Cenin kamp\u0131 yak\u0131nlar\u0131nda \u0130srail i\u015fgal g\u00fc\u00e7lerine ait bir dizi arac\u0131 patlay\u0131c\u0131larla hedef ald\u0131.<\/li>\n<\/ul>\n<p><strong><a href=\"https:\/\/t.me\/SuriyeArapHaberAjansI\">Telegram Kanal\u0131m\u0131z\u00a0<\/a>||<a href=\"https:\/\/twitter.com\/arap_ajans\">X Platformumuz\u00a0<\/a>||<a href=\"https:\/\/www.facebook.com\/SANAHaberAjansi\/\">Facebook Sayfam\u0131z<\/a><\/strong><\/p>\n","protected":false},"excerpt":{"rendered":"<p>\u0130\u015eGAL ED\u0130LEN KUD\u00dcS 05 Aral\u0131k 2023 (SANA) \u2013 Filistin direni\u015finin \u0130srail i\u015fgalinin sald\u0131r\u0131lar\u0131na yan\u0131t olarak ba\u015flatt\u0131\u011f\u0131 Aksa Tufan\u0131 Harekat\u0131\u2019nda \u00f6ne \u00e7\u0131kan geli\u015fmeler: Filistin direni\u015fi, Gazze \u015eeridi&#8217;nin g\u00fcneyindeki Han Yunus&#8217;un do\u011fusunda 4 Siyonist arac\u0131 &#8220;El Yassin 105&#8221; f\u00fczeleriyle hedef ald\u0131. Filistin Direni\u015fi: Sava\u015f\u00e7\u0131lar\u0131m\u0131z, Gazze \u015eeridi&#8217;nin g\u00fcneyindeki Han Yunus&#8217;un do\u011fusunda iki Siyonist askeri &#8220;El \u011eul Kassem&#8221; t\u00fcfe\u011fiyle &hellip;<\/p>\n","protected":false},"author":39,"featured_media":292929,"comment_status":"closed","ping_status":"closed","sticky":false,"template":"","format":"standard","meta":{"footnotes":""},"categories":[458,459,17988],"tags":[],"class_list":["post-292928","post","type-post","status-publish","format-standard","has-post-thumbnail","","category-dunya1","category-haberler-arap-uluslararasi-politika","category-son-haberler"],"_links":{"self":[{"href":"https:\/\/archive.sana.sy\/tr\/index.php?rest_route=\/wp\/v2\/posts\/292928","targetHints":{"allow":["GET"]}}],"collection":[{"href":"https:\/\/archive.sana.sy\/tr\/index.php?rest_route=\/wp\/v2\/posts"}],"about":[{"href":"https:\/\/archive.sana.sy\/tr\/index.php?rest_route=\/wp\/v2\/types\/post"}],"author":[{"embeddable":true,"href":"https:\/\/archive.sana.sy\/tr\/index.php?rest_route=\/wp\/v2\/users\/39"}],"replies":[{"embeddable":true,"href":"https:\/\/archive.sana.sy\/tr\/index.php?rest_route=%2Fwp%2Fv2%2Fcomments&post=292928"}],"version-history":[{"count":3,"href":"https:\/\/archive.sana.sy\/tr\/index.php?rest_route=\/wp\/v2\/posts\/292928\/revisions"}],"predecessor-version":[{"id":292944,"href":"https:\/\/archive.sana.sy\/tr\/index.php?rest_route=\/wp\/v2\/posts\/292928\/revisions\/292944"}],"wp:featuredmedia":[{"embeddable":true,"href":"https:\/\/archive.sana.sy\/tr\/index.php?rest_route=\/wp\/v2\/media\/292929"}],"wp:attachment":[{"href":"https:\/\/archive.sana.sy\/tr\/index.php?rest_route=%2Fwp%2Fv2%2Fmedia&parent=292928"}],"wp:term":[{"taxonomy":"category","embeddable":true,"href":"https:\/\/archive.sana.sy\/tr\/index.php?rest_route=%2Fwp%2Fv2%2Fcategories&post=292928"},{"taxonomy":"post_tag","embeddable":true,"href":"https:\/\/archive.sana.sy\/tr\/index.php?rest_route=%2Fwp%2Fv2%2Ftags&post=292928"}],"curies":[{"name":"wp","href":"https:\/\/api.w.org\/{rel}","templated":true}]}}