{"id":292936,"date":"2023-12-05T10:53:57","date_gmt":"2023-12-05T07:53:57","guid":{"rendered":"https:\/\/sana.sy\/tr\/?p=292936"},"modified":"2023-12-06T08:12:34","modified_gmt":"2023-12-06T05:12:34","slug":"dusman-israil-guney-lubnandaki-koy-ve-kasabalari-bombalamaya-devam-etti","status":"publish","type":"post","link":"https:\/\/archive.sana.sy\/tr\/?p=292936","title":{"rendered":"D\u00fc\u015fman \u0130srail G\u00fcney L\u00fcbnan&#8217;daki K\u00f6y Ve Kasabalar\u0131 Bombalamaya Devam Etti"},"content":{"rendered":"<p style=\"text-align: justify;\"><strong>BEYRUT 05 Aral\u0131k 2023 (SANA) \u2013<\/strong> D\u00fc\u015fman \u0130srail g\u00fcney L\u00fcbnan&#8217;daki k\u00f6y ve kasabalar\u0131 bombalamaya devam ederek yerle\u015fim yerlerini hedef ald\u0131.<\/p>\n<p style=\"text-align: justify;\">L\u00fcbnan Ulusal Haber Ajans\u0131, Ramiyeh, El Kavzah, Alma El \u015eaab, Ayta El \u015eaab, Cebal Berakh ve Ri\u015fe kasabalar\u0131n\u0131n \u00e7evresi ve El Bustan kasabas\u0131n\u0131n giri\u015finin \u0130srail top\u00e7u bombard\u0131man\u0131na maruz kald\u0131\u011f\u0131n\u0131 bildirdi.<\/p>\n<p style=\"text-align: justify;\">D\u00fc\u015fman ke\u015fif u\u00e7a\u011f\u0131 ayr\u0131ca, bat\u0131 ve orta kesimlerdeki k\u00f6ylerin \u00fczerinden ge\u00e7erek Litani Nehri ile \u011eandura ve Faron kasabalar\u0131na ula\u015ft\u0131.<\/p>\n<p style=\"text-align: center;\"><strong><a href=\"https:\/\/t.me\/SuriyeArapHaberAjansI\">Telegram Kanal\u0131m\u0131z\u00a0<\/a>||<a href=\"https:\/\/twitter.com\/arap_ajans\">X Platformumuz\u00a0<\/a>||<a href=\"https:\/\/www.facebook.com\/SANAHaberAjansi\/\">Facebook Sayfam\u0131z<\/a><\/strong><\/p>\n","protected":false},"excerpt":{"rendered":"<p>BEYRUT 05 Aral\u0131k 2023 (SANA) \u2013 D\u00fc\u015fman \u0130srail g\u00fcney L\u00fcbnan&#8217;daki k\u00f6y ve kasabalar\u0131 bombalamaya devam ederek yerle\u015fim yerlerini hedef ald\u0131. L\u00fcbnan Ulusal Haber Ajans\u0131, Ramiyeh, El Kavzah, Alma El \u015eaab, Ayta El \u015eaab, Cebal Berakh ve Ri\u015fe kasabalar\u0131n\u0131n \u00e7evresi ve El Bustan kasabas\u0131n\u0131n giri\u015finin \u0130srail top\u00e7u bombard\u0131man\u0131na maruz kald\u0131\u011f\u0131n\u0131 bildirdi. D\u00fc\u015fman ke\u015fif u\u00e7a\u011f\u0131 ayr\u0131ca, bat\u0131 &hellip;<\/p>\n","protected":false},"author":39,"featured_media":292937,"comment_status":"closed","ping_status":"closed","sticky":false,"template":"","format":"standard","meta":{"footnotes":""},"categories":[458,459,17988],"tags":[],"class_list":["post-292936","post","type-post","status-publish","format-standard","has-post-thumbnail","","category-dunya1","category-haberler-arap-uluslararasi-politika","category-son-haberler"],"_links":{"self":[{"href":"https:\/\/archive.sana.sy\/tr\/index.php?rest_route=\/wp\/v2\/posts\/292936","targetHints":{"allow":["GET"]}}],"collection":[{"href":"https:\/\/archive.sana.sy\/tr\/index.php?rest_route=\/wp\/v2\/posts"}],"about":[{"href":"https:\/\/archive.sana.sy\/tr\/index.php?rest_route=\/wp\/v2\/types\/post"}],"author":[{"embeddable":true,"href":"https:\/\/archive.sana.sy\/tr\/index.php?rest_route=\/wp\/v2\/users\/39"}],"replies":[{"embeddable":true,"href":"https:\/\/archive.sana.sy\/tr\/index.php?rest_route=%2Fwp%2Fv2%2Fcomments&post=292936"}],"version-history":[{"count":2,"href":"https:\/\/archive.sana.sy\/tr\/index.php?rest_route=\/wp\/v2\/posts\/292936\/revisions"}],"predecessor-version":[{"id":292945,"href":"https:\/\/archive.sana.sy\/tr\/index.php?rest_route=\/wp\/v2\/posts\/292936\/revisions\/292945"}],"wp:featuredmedia":[{"embeddable":true,"href":"https:\/\/archive.sana.sy\/tr\/index.php?rest_route=\/wp\/v2\/media\/292937"}],"wp:attachment":[{"href":"https:\/\/archive.sana.sy\/tr\/index.php?rest_route=%2Fwp%2Fv2%2Fmedia&parent=292936"}],"wp:term":[{"taxonomy":"category","embeddable":true,"href":"https:\/\/archive.sana.sy\/tr\/index.php?rest_route=%2Fwp%2Fv2%2Fcategories&post=292936"},{"taxonomy":"post_tag","embeddable":true,"href":"https:\/\/archive.sana.sy\/tr\/index.php?rest_route=%2Fwp%2Fv2%2Ftags&post=292936"}],"curies":[{"name":"wp","href":"https:\/\/api.w.org\/{rel}","templated":true}]}}