{"id":292951,"date":"2023-12-05T08:36:49","date_gmt":"2023-12-05T05:36:49","guid":{"rendered":"https:\/\/sana.sy\/tr\/?p=292951"},"modified":"2023-12-06T08:12:22","modified_gmt":"2023-12-06T05:12:22","slug":"kenaani-ingiltereyi-israil-isgalinin-gazzedeki-suclarini-kinamaya-cagirdi","status":"publish","type":"post","link":"https:\/\/archive.sana.sy\/tr\/?p=292951","title":{"rendered":"Kenaani, \u0130ngiltere&#8217;yi \u0130srail \u0130\u015fgalinin Gazze&#8217;deki Su\u00e7lar\u0131n\u0131 K\u0131namaya \u00c7a\u011f\u0131rd\u0131"},"content":{"rendered":"<p style=\"text-align: justify;\"><strong>TAHRAN 05 ARALIK (SANA)<\/strong> &#8211; \u0130ran D\u0131\u015fi\u015fleri Bakanl\u0131\u011f\u0131 s\u00f6zc\u00fcs\u00fc Nas\u0131r Kenaani, \u0130ngiliz h\u00fck\u00fcmetine i\u015fgalci \u0130srail&#8217;in su\u00e7lar\u0131n\u0131 k\u0131nama ve di\u011fer \u00fclkeleri su\u00e7lamak yerine Filistin halk\u0131na y\u00f6nelik sald\u0131r\u0131lar\u0131 durdurma \u00e7a\u011fr\u0131s\u0131nda bulundu.<\/p>\n<p style=\"text-align: justify;\">IRNA, Kenani&#8217;nin \u015fu s\u00f6zlerini aktard\u0131: &#8220;\u0130ngiliz makamlar\u0131 as\u0131ls\u0131z su\u00e7lamalarda bulunmak yerine Siyonist olu\u015fumun su\u00e7lar\u0131n\u0131 k\u0131namal\u0131. Bu olu\u015fumun Filistinli \u00e7ocuklara ve kad\u0131nlara kar\u015f\u0131 i\u015fledi\u011fi sava\u015f su\u00e7lar\u0131n\u0131 durdurmak i\u00e7in \u00e7aba g\u00f6stermeli ve uluslararas\u0131 d\u00fczenlemelere ve sorumluluklara uygun olarak insani yard\u0131m sa\u011flanmas\u0131n\u0131 kolayla\u015ft\u0131rmal\u0131d\u0131r.\u201d<\/p>\n<p style=\"text-align: justify;\">Kenaani, \u00fclkesinin, \u0130ngiliz h\u00fck\u00fcmetinin, \u0130ran&#8217;\u0131n K\u0131z\u0131ldeniz&#8217;deki sald\u0131r\u0131larla ba\u011flant\u0131s\u0131na ili\u015fkin as\u0131ls\u0131z su\u00e7lamalar\u0131n\u0131 reddetti\u011fini ifade ederken &#8220;bu iddialar\u0131n belirli siyasi ama\u00e7lara sahip oldu\u011funu ve \u0130ngiltere&#8217;nin b\u00f6lgenin ger\u00e7eklerini yans\u0131tma \u00e7abalar\u0131na i\u015faret etti\u011fini ve ayn\u0131 zamanda Siyonist varl\u0131k da dahil olmak \u00fczere \u00fc\u00e7\u00fcnc\u00fc taraflar\u0131n tercihlerinden etkilendi\u011fini g\u00f6sterdi\u011fini&#8221; kaydetti<\/p>\n<p style=\"text-align: justify;\">Kenaani ayr\u0131ca, baz\u0131 \u0130ngiliz yetkililerin b\u00f6lgesel ve uluslararas\u0131 bar\u0131\u015f ve istikrara tehdit olu\u015fturan yap\u0131c\u0131 olmayan a\u00e7\u0131klama ve eylemlerini k\u0131narken, b\u00f6lgedeki direni\u015fin, Siyonist varl\u0131\u011f\u0131n i\u015fledi\u011fi sava\u015f su\u00e7lar\u0131 ve soyk\u0131r\u0131ma yan\u0131t verme emrini \u0130ran&#8217;dan almad\u0131\u011f\u0131n\u0131, kendi karar\u0131n\u0131 kendisinin verdi\u011fini ve kendi takdirine g\u00f6re hareket etti\u011fini vurgulad\u0131.<\/p>\n<p style=\"text-align: center;\"><strong><a href=\"https:\/\/t.me\/SuriyeArapHaberAjansI\">Telegram Kanal\u0131m\u0131z\u00a0<\/a>||<a href=\"https:\/\/twitter.com\/arap_ajans\">X Platformumuz\u00a0<\/a>||<a href=\"https:\/\/www.facebook.com\/SANAHaberAjansi\/\">Facebook Sayfam\u0131z<\/a><\/strong><\/p>\n","protected":false},"excerpt":{"rendered":"<p>TAHRAN 05 ARALIK (SANA) &#8211; \u0130ran D\u0131\u015fi\u015fleri Bakanl\u0131\u011f\u0131 s\u00f6zc\u00fcs\u00fc Nas\u0131r Kenaani, \u0130ngiliz h\u00fck\u00fcmetine i\u015fgalci \u0130srail&#8217;in su\u00e7lar\u0131n\u0131 k\u0131nama ve di\u011fer \u00fclkeleri su\u00e7lamak yerine Filistin halk\u0131na y\u00f6nelik sald\u0131r\u0131lar\u0131 durdurma \u00e7a\u011fr\u0131s\u0131nda bulundu. IRNA, Kenani&#8217;nin \u015fu s\u00f6zlerini aktard\u0131: &#8220;\u0130ngiliz makamlar\u0131 as\u0131ls\u0131z su\u00e7lamalarda bulunmak yerine Siyonist olu\u015fumun su\u00e7lar\u0131n\u0131 k\u0131namal\u0131. Bu olu\u015fumun Filistinli \u00e7ocuklara ve kad\u0131nlara kar\u015f\u0131 i\u015fledi\u011fi sava\u015f su\u00e7lar\u0131n\u0131 durdurmak &hellip;<\/p>\n","protected":false},"author":41,"featured_media":292952,"comment_status":"closed","ping_status":"closed","sticky":false,"template":"","format":"standard","meta":{"footnotes":""},"categories":[458,459,17988],"tags":[40512,40511],"class_list":["post-292951","post","type-post","status-publish","format-standard","has-post-thumbnail","","category-dunya1","category-haberler-arap-uluslararasi-politika","category-son-haberler","tag-ingiltereyi-israil-isgalinin-gazzedeki-suclarini-kinamaya-cagirdi","tag-kenaani"],"_links":{"self":[{"href":"https:\/\/archive.sana.sy\/tr\/index.php?rest_route=\/wp\/v2\/posts\/292951","targetHints":{"allow":["GET"]}}],"collection":[{"href":"https:\/\/archive.sana.sy\/tr\/index.php?rest_route=\/wp\/v2\/posts"}],"about":[{"href":"https:\/\/archive.sana.sy\/tr\/index.php?rest_route=\/wp\/v2\/types\/post"}],"author":[{"embeddable":true,"href":"https:\/\/archive.sana.sy\/tr\/index.php?rest_route=\/wp\/v2\/users\/41"}],"replies":[{"embeddable":true,"href":"https:\/\/archive.sana.sy\/tr\/index.php?rest_route=%2Fwp%2Fv2%2Fcomments&post=292951"}],"version-history":[{"count":1,"href":"https:\/\/archive.sana.sy\/tr\/index.php?rest_route=\/wp\/v2\/posts\/292951\/revisions"}],"predecessor-version":[{"id":292953,"href":"https:\/\/archive.sana.sy\/tr\/index.php?rest_route=\/wp\/v2\/posts\/292951\/revisions\/292953"}],"wp:featuredmedia":[{"embeddable":true,"href":"https:\/\/archive.sana.sy\/tr\/index.php?rest_route=\/wp\/v2\/media\/292952"}],"wp:attachment":[{"href":"https:\/\/archive.sana.sy\/tr\/index.php?rest_route=%2Fwp%2Fv2%2Fmedia&parent=292951"}],"wp:term":[{"taxonomy":"category","embeddable":true,"href":"https:\/\/archive.sana.sy\/tr\/index.php?rest_route=%2Fwp%2Fv2%2Fcategories&post=292951"},{"taxonomy":"post_tag","embeddable":true,"href":"https:\/\/archive.sana.sy\/tr\/index.php?rest_route=%2Fwp%2Fv2%2Ftags&post=292951"}],"curies":[{"name":"wp","href":"https:\/\/api.w.org\/{rel}","templated":true}]}}