{"id":292954,"date":"2023-12-05T10:03:44","date_gmt":"2023-12-05T07:03:44","guid":{"rendered":"https:\/\/sana.sy\/tr\/?p=292954"},"modified":"2023-12-06T08:12:26","modified_gmt":"2023-12-06T05:12:26","slug":"yaslilar-konseyi-israilin-gazzeye-yonelik-saldirganliginin-durdurulmasi-icin-uluslararasi-eylem-cagrisinda-bulundu","status":"publish","type":"post","link":"https:\/\/archive.sana.sy\/tr\/?p=292954","title":{"rendered":"Ya\u015fl\u0131lar Konseyi, \u0130srail&#8217;in Gazze&#8217;ye Y\u00f6nelik Sald\u0131rganl\u0131\u011f\u0131n\u0131n Durdurulmas\u0131 \u0130\u00e7in Uluslararas\u0131 Eylem \u00c7a\u011fr\u0131s\u0131nda Bulundu"},"content":{"rendered":"<p style=\"text-align: justify;\"><strong>LONDRA 05 ARALIK (SANA)<\/strong> &#8211; Merhum lider Nelson Mandela taraf\u0131ndan kurulan ve eski Birle\u015fmi\u015f Milletler Genel Sekreteri Ban Ki-moon da dahil olmak \u00fczere \u00e7ok say\u0131da uluslararas\u0131 fig\u00fcr\u00fcn yer ald\u0131\u011f\u0131 Ya\u015fl\u0131lar Konseyi, \u0130srail&#8217;in Gazze \u015eeridi&#8217;ne y\u00f6nelik devam eden sald\u0131rganl\u0131\u011f\u0131n\u0131 durdurmak i\u00e7in uluslararas\u0131 eylem \u00e7a\u011fr\u0131s\u0131nda bulundu.<\/p>\n<p style=\"text-align: justify;\">Agence France-Presse, konseyin yapt\u0131\u011f\u0131 a\u00e7\u0131klamada , &#8220;\u0130srail&#8217;in yapt\u0131\u011f\u0131, Filistinlilere kar\u015f\u0131 dayan\u0131lmaz bir insanl\u0131k d\u0131\u015f\u0131 boyuta ula\u015ft\u0131&#8221; diyerek, &#8220;vah\u015fetlerin i\u015flendi\u011fini veya i\u015flenmek \u00fczere oldu\u011funu bilerek \u0130srail varl\u0131\u011f\u0131na askeri destek sa\u011flayan h\u00fck\u00fcmetlerin su\u00e7a ortak olma riskini ta\u015f\u0131d\u0131\u011f\u0131n\u0131&#8221; kaydetti. dedi\u011fini aktard\u0131.<\/p>\n<p style=\"text-align: justify;\">Kansey ayr\u0131ca, &#8220;D\u00fcnya liderleri, \u0130srail&#8217;e askeri deste\u011fi acilen yeniden g\u00f6zden ge\u00e7irmek de dahil olmak \u00fczere, zul\u00fcmleri cayd\u0131rmak ve cezas\u0131zl\u0131klara son vermek i\u00e7in \u015fimdi harekete ge\u00e7meli&#8221; ifadelerini kulland\u0131.<\/p>\n<p style=\"text-align: justify;\">Konsey a\u00e7\u0131klamas\u0131nda da, h\u00fck\u00fcmetlere Uluslararas\u0131 Ceza Mahkemesi&#8217;nin Gazze \u015eeridi&#8217;nde i\u015flenen korkun\u00e7 su\u00e7larla ilgili soru\u015fturmalar\u0131n\u0131 h\u0131zland\u0131rmas\u0131na izin verme \u00e7a\u011fr\u0131s\u0131nda bulundu.<\/p>\n<p style=\"text-align: justify;\">Ya\u015fl\u0131lar Konseyi 2007 y\u0131l\u0131nda kuruldu ve bar\u0131\u015f\u0131, adaleti, insan haklar\u0131n\u0131n korunmas\u0131n\u0131 ve \u00e7evresel s\u00fcrd\u00fcr\u00fclebilirli\u011fi savunmakla ilgileniyor.<\/p>\n<p style=\"text-align: center;\"><strong><a href=\"https:\/\/t.me\/SuriyeArapHaberAjansI\">Telegram Kanal\u0131m\u0131z\u00a0<\/a>||<a href=\"https:\/\/twitter.com\/arap_ajans\">X Platformumuz\u00a0<\/a>||<a href=\"https:\/\/www.facebook.com\/SANAHaberAjansi\/\">Facebook Sayfam\u0131z<\/a><\/strong><\/p>\n","protected":false},"excerpt":{"rendered":"<p>LONDRA 05 ARALIK (SANA) &#8211; Merhum lider Nelson Mandela taraf\u0131ndan kurulan ve eski Birle\u015fmi\u015f Milletler Genel Sekreteri Ban Ki-moon da dahil olmak \u00fczere \u00e7ok say\u0131da uluslararas\u0131 fig\u00fcr\u00fcn yer ald\u0131\u011f\u0131 Ya\u015fl\u0131lar Konseyi, \u0130srail&#8217;in Gazze \u015eeridi&#8217;ne y\u00f6nelik devam eden sald\u0131rganl\u0131\u011f\u0131n\u0131 durdurmak i\u00e7in uluslararas\u0131 eylem \u00e7a\u011fr\u0131s\u0131nda bulundu. Agence France-Presse, konseyin yapt\u0131\u011f\u0131 a\u00e7\u0131klamada , &#8220;\u0130srail&#8217;in yapt\u0131\u011f\u0131, Filistinlilere kar\u015f\u0131 dayan\u0131lmaz &hellip;<\/p>\n","protected":false},"author":41,"featured_media":292956,"comment_status":"closed","ping_status":"closed","sticky":false,"template":"","format":"standard","meta":{"footnotes":""},"categories":[458,459,17988],"tags":[],"class_list":["post-292954","post","type-post","status-publish","format-standard","has-post-thumbnail","","category-dunya1","category-haberler-arap-uluslararasi-politika","category-son-haberler"],"_links":{"self":[{"href":"https:\/\/archive.sana.sy\/tr\/index.php?rest_route=\/wp\/v2\/posts\/292954","targetHints":{"allow":["GET"]}}],"collection":[{"href":"https:\/\/archive.sana.sy\/tr\/index.php?rest_route=\/wp\/v2\/posts"}],"about":[{"href":"https:\/\/archive.sana.sy\/tr\/index.php?rest_route=\/wp\/v2\/types\/post"}],"author":[{"embeddable":true,"href":"https:\/\/archive.sana.sy\/tr\/index.php?rest_route=\/wp\/v2\/users\/41"}],"replies":[{"embeddable":true,"href":"https:\/\/archive.sana.sy\/tr\/index.php?rest_route=%2Fwp%2Fv2%2Fcomments&post=292954"}],"version-history":[{"count":1,"href":"https:\/\/archive.sana.sy\/tr\/index.php?rest_route=\/wp\/v2\/posts\/292954\/revisions"}],"predecessor-version":[{"id":292955,"href":"https:\/\/archive.sana.sy\/tr\/index.php?rest_route=\/wp\/v2\/posts\/292954\/revisions\/292955"}],"wp:featuredmedia":[{"embeddable":true,"href":"https:\/\/archive.sana.sy\/tr\/index.php?rest_route=\/wp\/v2\/media\/292956"}],"wp:attachment":[{"href":"https:\/\/archive.sana.sy\/tr\/index.php?rest_route=%2Fwp%2Fv2%2Fmedia&parent=292954"}],"wp:term":[{"taxonomy":"category","embeddable":true,"href":"https:\/\/archive.sana.sy\/tr\/index.php?rest_route=%2Fwp%2Fv2%2Fcategories&post=292954"},{"taxonomy":"post_tag","embeddable":true,"href":"https:\/\/archive.sana.sy\/tr\/index.php?rest_route=%2Fwp%2Fv2%2Ftags&post=292954"}],"curies":[{"name":"wp","href":"https:\/\/api.w.org\/{rel}","templated":true}]}}