{"id":293021,"date":"2023-12-06T14:59:40","date_gmt":"2023-12-06T11:59:40","guid":{"rendered":"https:\/\/sana.sy\/tr\/?p=293021"},"modified":"2023-12-08T08:54:05","modified_gmt":"2023-12-08T05:54:05","slug":"cumhurbaskani-esadin-onunde-sosan-ve-beddur-suudi-arabistan-ve-cezayir-buyukelcileri-olarak-yasal-yemin-ettiler","status":"publish","type":"post","link":"https:\/\/archive.sana.sy\/tr\/?p=293021","title":{"rendered":"Cumhurba\u015fkan\u0131 Esad&#8217;\u0131n \u00d6n\u00fcnde: Sosan Ve Beddur, Suudi Arabistan Ve Cezayir B\u00fcy\u00fckel\u00e7ileri Olarak Yasal Yemin Ettiler"},"content":{"rendered":"<p style=\"text-align: justify;\"><strong>\u015eAM 06 ARALIK (SANA)<\/strong> \u2013 Bug\u00fcn Dr. Eymen Sosan Suriye Arap Cumhuriyeti&#8217;nin Suudi Arabistan Krall\u0131\u011f\u0131 B\u00fcy\u00fckel\u00e7isi ve \u00a0Mahir Beddur Cezayir Demokratik Halk Cumhuriyeti B\u00fcy\u00fckel\u00e7isi olarak Cumhurba\u015fkan\u0131 Be\u015f\u015far Esad&#8217;\u0131n huzurunda yemin ettiler.<\/p>\n<p style=\"text-align: justify;\">Daha sonra Cumhurba\u015fkan\u0131 Esad, B\u00fcy\u00fckel\u00e7i Sosan ve Beddur&#8217;u kabul ederek onlara rehberlik etti ve g\u00f6revlerinde ba\u015far\u0131lar diledi.<\/p>\n<p style=\"text-align: justify;\">Yemin t\u00f6renine D\u0131\u015fi\u015fleri ve Gurbet\u00e7iler \u00a0Bakan\u0131\u00a0 Dr. Faysal Mikdad kat\u0131ld\u0131.<\/p>\n<div id='gallery-1' class='gallery galleryid-293021 gallery-columns-1 gallery-size-full'><figure class='gallery-item'>\n\t\t\t<div class='gallery-icon landscape'>\n\t\t\t\t<a href='https:\/\/archive.sana.sy\/tr\/?attachment_id=293022'><img loading=\"lazy\" decoding=\"async\" width=\"660\" height=\"482\" src=\"https:\/\/archive.sana.sy\/tr\/wp-content\/uploads\/2023\/12\/IMG_5146.jpg\" class=\"attachment-full size-full\" alt=\"\" srcset=\"https:\/\/archive.sana.sy\/tr\/wp-content\/uploads\/2023\/12\/IMG_5146.jpg 660w, https:\/\/archive.sana.sy\/tr\/wp-content\/uploads\/2023\/12\/IMG_5146-300x219.jpg 300w\" sizes=\"auto, (max-width: 660px) 100vw, 660px\" \/><\/a>\n\t\t\t<\/div><\/figure>\n\t\t<\/div>\n\n<p style=\"text-align: center;\"><strong><a href=\"https:\/\/t.me\/SuriyeArapHaberAjansI\">Telegram Kanal\u0131m\u0131z\u00a0<\/a><span style=\"color: #ff0000;\">||<\/span><a href=\"https:\/\/twitter.com\/arap_ajans\">X Platformumuz\u00a0<\/a><span style=\"color: #ff0000;\">||<\/span><a href=\"https:\/\/www.facebook.com\/SANAHaberAjansi\/\">Facebook Sayfam\u0131z<\/a><\/strong><\/p>\n","protected":false},"excerpt":{"rendered":"<p>\u015eAM 06 ARALIK (SANA) \u2013 Bug\u00fcn Dr. Eymen Sosan Suriye Arap Cumhuriyeti&#8217;nin Suudi Arabistan Krall\u0131\u011f\u0131 B\u00fcy\u00fckel\u00e7isi ve \u00a0Mahir Beddur Cezayir Demokratik Halk Cumhuriyeti B\u00fcy\u00fckel\u00e7isi olarak Cumhurba\u015fkan\u0131 Be\u015f\u015far Esad&#8217;\u0131n huzurunda yemin ettiler. Daha sonra Cumhurba\u015fkan\u0131 Esad, B\u00fcy\u00fckel\u00e7i Sosan ve Beddur&#8217;u kabul ederek onlara rehberlik etti ve g\u00f6revlerinde ba\u015far\u0131lar diledi. Yemin t\u00f6renine D\u0131\u015fi\u015fleri ve Gurbet\u00e7iler \u00a0Bakan\u0131\u00a0 Dr. &hellip;<\/p>\n","protected":false},"author":41,"featured_media":293025,"comment_status":"closed","ping_status":"closed","sticky":false,"template":"","format":"standard","meta":{"footnotes":""},"categories":[606,6459,605,17988],"tags":[40516,40517],"class_list":["post-293021","post","type-post","status-publish","format-standard","has-post-thumbnail","","category-cumhurbaskani","category-sana-fotolarl","category-sayin-cumhurbaskani","category-son-haberler","tag-cumhurbaskani-esadin-onunde-sosan-ve-beddur","tag-suudi-arabistan-ve-cezayir-buyukelcileri-olarak-yasal-yemin-ettiler"],"_links":{"self":[{"href":"https:\/\/archive.sana.sy\/tr\/index.php?rest_route=\/wp\/v2\/posts\/293021","targetHints":{"allow":["GET"]}}],"collection":[{"href":"https:\/\/archive.sana.sy\/tr\/index.php?rest_route=\/wp\/v2\/posts"}],"about":[{"href":"https:\/\/archive.sana.sy\/tr\/index.php?rest_route=\/wp\/v2\/types\/post"}],"author":[{"embeddable":true,"href":"https:\/\/archive.sana.sy\/tr\/index.php?rest_route=\/wp\/v2\/users\/41"}],"replies":[{"embeddable":true,"href":"https:\/\/archive.sana.sy\/tr\/index.php?rest_route=%2Fwp%2Fv2%2Fcomments&post=293021"}],"version-history":[{"count":5,"href":"https:\/\/archive.sana.sy\/tr\/index.php?rest_route=\/wp\/v2\/posts\/293021\/revisions"}],"predecessor-version":[{"id":293067,"href":"https:\/\/archive.sana.sy\/tr\/index.php?rest_route=\/wp\/v2\/posts\/293021\/revisions\/293067"}],"wp:featuredmedia":[{"embeddable":true,"href":"https:\/\/archive.sana.sy\/tr\/index.php?rest_route=\/wp\/v2\/media\/293025"}],"wp:attachment":[{"href":"https:\/\/archive.sana.sy\/tr\/index.php?rest_route=%2Fwp%2Fv2%2Fmedia&parent=293021"}],"wp:term":[{"taxonomy":"category","embeddable":true,"href":"https:\/\/archive.sana.sy\/tr\/index.php?rest_route=%2Fwp%2Fv2%2Fcategories&post=293021"},{"taxonomy":"post_tag","embeddable":true,"href":"https:\/\/archive.sana.sy\/tr\/index.php?rest_route=%2Fwp%2Fv2%2Ftags&post=293021"}],"curies":[{"name":"wp","href":"https:\/\/api.w.org\/{rel}","templated":true}]}}