{"id":293037,"date":"2023-12-06T15:32:27","date_gmt":"2023-12-06T12:32:27","guid":{"rendered":"https:\/\/sana.sy\/tr\/?p=293037"},"modified":"2023-12-07T08:11:29","modified_gmt":"2023-12-07T05:11:29","slug":"isgalin-gazzeye-yonelik-saldirganligi-ucuncu-ayina-girdi-bugun-150-sehit-ve-onlarca-yarali-var","status":"publish","type":"post","link":"https:\/\/archive.sana.sy\/tr\/?p=293037","title":{"rendered":"\u0130\u015fgalin Gazze&#8217;ye Y\u00f6nelik Sald\u0131rganl\u0131\u011f\u0131 \u00dc\u00e7\u00fcnc\u00fc Ay\u0131na Girdi&#8230; Bug\u00fcn 150 \u015eehit Ve Onlarca Yaral\u0131 Var"},"content":{"rendered":"<p style=\"text-align: justify;\"><strong>\u0130\u015eGAL ED\u0130LEN KUD\u00dcS 06 KASIM (SANA)<\/strong> &#8211; \u0130\u015fgalin yard\u0131m giri\u015fini engellemesi nedeniyle derinle\u015fen insani kriz ve evleri y\u0131k\u0131lan y\u00fcz binlerce ki\u015finin bar\u0131nma hakk\u0131n\u0131 kaybetmesi \u0131\u015f\u0131\u011f\u0131nda ve uluslararas\u0131 toplumun sald\u0131r\u0131y\u0131 durdurmakta ba\u015far\u0131s\u0131z oldu\u011fu bir d\u00f6nemde, katliamlar\u0131n artmas\u0131 ve evlerin, hastanelerin ve altyap\u0131lar\u0131n bombalanmas\u0131n\u0131n artmas\u0131yla birlikte, \u0130srail i\u015fgalinin felakete u\u011fram\u0131\u015f Gazze \u015eeridi&#8217;ne y\u00f6nelik sald\u0131rganl\u0131\u011f\u0131 bug\u00fcn \u00fc\u00e7\u00fcnc\u00fc ay\u0131na girdi.<\/p>\n<p style=\"text-align: justify;\"><img loading=\"lazy\" decoding=\"async\" class=\"wp-image-293039 alignright\" src=\"http:\/\/sana.sy\/tr\/wp-content\/uploads\/2023\/12\/photo_2023-12-06_10-59-06.jpg\" alt=\"\" width=\"307\" height=\"225\" srcset=\"https:\/\/archive.sana.sy\/tr\/wp-content\/uploads\/2023\/12\/photo_2023-12-06_10-59-06.jpg 1280w, https:\/\/archive.sana.sy\/tr\/wp-content\/uploads\/2023\/12\/photo_2023-12-06_10-59-06-300x220.jpg 300w, https:\/\/archive.sana.sy\/tr\/wp-content\/uploads\/2023\/12\/photo_2023-12-06_10-59-06-1024x750.jpg 1024w, https:\/\/archive.sana.sy\/tr\/wp-content\/uploads\/2023\/12\/photo_2023-12-06_10-59-06-768x563.jpg 768w\" sizes=\"auto, (max-width: 307px) 100vw, 307px\" \/>Filistin medyas\u0131, \u2018\u2019\u0130\u015fgal g\u00fc\u00e7leri bug\u00fcn \u015fafak vakti Gazze \u015eeridi&#8217;nin kuzeyindeki Cebeliye kamp\u0131ndaki bir yerle\u015fim alan\u0131n\u0131 bombalayarak 150&#8217;den fazla Filistinlinin \u00f6l\u00fcm\u00fcne ve onlarca ki\u015finin yaralanmas\u0131na yol a\u00e7an bir katliam ger\u00e7ekle\u015ftirdi.Ayr\u0131ca biri Jabalia&#8217;n\u0131n bat\u0131s\u0131nda, di\u011feri ise Gazze \u015eeridi&#8217;nin g\u00fcneyindeki Han Yunus&#8217;ta olmak \u00fczere, yerinden edilmi\u015f ki\u015filerin ya\u015fad\u0131\u011f\u0131 iki okulu da bombalad\u0131. Bu da onlarca ki\u015finin \u00f6l\u00fcm\u00fcne ve yaralanmas\u0131na yol a\u00e7t\u0131\u2019\u2019 dedi.<\/p>\n<p style=\"text-align: justify;\">\u0130\u015fgal top\u00e7ular\u0131 Gazze \u015eehri&#8217;nin El Tuffah ve El \u015euca&#8217;iya mahallelerini bombalarken, buldozerleri de Gazze \u015eeridi&#8217;nin g\u00fcneyindeki Bani S\u00fcheyle, Abasan ve El-Karara kasabalar\u0131nda kapsaml\u0131 tesviye operasyonlar\u0131 ger\u00e7ekle\u015ftirdi.<\/p>\n<p style=\"text-align: justify;\">\u0130\u015fgal hastanelere kar\u015f\u0131 da sava\u015f\u0131n\u0131 s\u00fcrd\u00fcr\u00fcyor ve Gazze \u015eeridi&#8217;nin kuzeyindeki t\u00fcm hastaneleri hizmet d\u0131\u015f\u0131 b\u0131rakt\u0131.<\/p>\n<p style=\"text-align: justify;\">Filistin Sa\u011fl\u0131k Bakanl\u0131\u011f\u0131 d\u00fcn gece, i\u015fgal g\u00fc\u00e7lerinin ablukaya ald\u0131\u011f\u0131 Kamal Adwan Hastanesi&#8217;nin hizmet d\u0131\u015f\u0131 b\u0131rak\u0131laca\u011f\u0131n\u0131 duyurarak, \u2018\u2019Gazze \u015eeridi&#8217;nin kuzeyine giren \u0130srail i\u015fgal ordusu, kuzeydeki tek hastane olan Kamal Adwan Hastanesi&#8217;ni g\u00fc\u00e7 kullanarak, ter\u00f6rle ve tank ate\u015fleriyle hizmet d\u0131\u015f\u0131 b\u0131rak\u0131yor\u2019\u2019 dedi.<\/p>\n<p style=\"text-align: justify;\">Ayn\u0131 ba\u011flamda, \u00a0Gazze Sivil Savunma, Gazze \u015eeridi&#8217;nde devam eden sald\u0131r\u0131 nedeniyle \u00e7ok say\u0131da \u015fehit ve yaral\u0131n\u0131n, ekipman eksikli\u011fi ve yak\u0131t t\u00fckenmesi nedeniyle kurtar\u0131lmas\u0131nda ya\u015fanan zorluklar nedeniyle enkaz alt\u0131nda kald\u0131\u011f\u0131n\u0131 a\u00e7\u0131klad\u0131.<\/p>\n<p style=\"text-align: justify;\">\u0130\u015fgalin 7 Ekim&#8217;den bu yana Gazze \u015eeridi&#8217;ne y\u00f6nelik devam eden sald\u0131r\u0131lar\u0131 sonucunda 7 bin 121&#8217;i \u00e7ocuk 16 bin 248 Filistinli \u015fehit oldu, 43 bin 616 ki\u015fi de yaraland\u0131.<\/p>\n<p style=\"text-align: justify;\">Kendi y\u00f6n\u00fcmden UNRWA, sald\u0131r\u0131n\u0131n ba\u015flang\u0131c\u0131ndan bu yana Gazze \u015eeridi&#8217;nde zorla yerinden edilen ki\u015filerin say\u0131s\u0131n\u0131n yakla\u015f\u0131k 1,9 milyona ula\u015ft\u0131\u011f\u0131n\u0131, bunun da Gazze \u015eeridi n\u00fcfusunun y\u00fczde 80&#8217;inden fazlas\u0131n\u0131 temsil etti\u011fini kaydetti.<\/p>\n<p style=\"text-align: center;\"><strong><a href=\"https:\/\/t.me\/SuriyeArapHaberAjansI\">Telegram Kanal\u0131m\u0131z\u00a0<\/a>||<a href=\"https:\/\/twitter.com\/arap_ajans\">X Platformumuz\u00a0<\/a>||<a href=\"https:\/\/www.facebook.com\/SANAHaberAjansi\/\">Facebook Sayfam\u0131z<\/a><\/strong><\/p>\n","protected":false},"excerpt":{"rendered":"<p>\u0130\u015eGAL ED\u0130LEN KUD\u00dcS 06 KASIM (SANA) &#8211; \u0130\u015fgalin yard\u0131m giri\u015fini engellemesi nedeniyle derinle\u015fen insani kriz ve evleri y\u0131k\u0131lan y\u00fcz binlerce ki\u015finin bar\u0131nma hakk\u0131n\u0131 kaybetmesi \u0131\u015f\u0131\u011f\u0131nda ve uluslararas\u0131 toplumun sald\u0131r\u0131y\u0131 durdurmakta ba\u015far\u0131s\u0131z oldu\u011fu bir d\u00f6nemde, katliamlar\u0131n artmas\u0131 ve evlerin, hastanelerin ve altyap\u0131lar\u0131n bombalanmas\u0131n\u0131n artmas\u0131yla birlikte, \u0130srail i\u015fgalinin felakete u\u011fram\u0131\u015f Gazze \u015eeridi&#8217;ne y\u00f6nelik sald\u0131rganl\u0131\u011f\u0131 bug\u00fcn \u00fc\u00e7\u00fcnc\u00fc ay\u0131na &hellip;<\/p>\n","protected":false},"author":41,"featured_media":293038,"comment_status":"closed","ping_status":"closed","sticky":false,"template":"","format":"standard","meta":{"footnotes":""},"categories":[458,459,17988],"tags":[40522],"class_list":["post-293037","post","type-post","status-publish","format-standard","has-post-thumbnail","","category-dunya1","category-haberler-arap-uluslararasi-politika","category-son-haberler","tag-isgalin-gazzeye-yonelik-saldirganligi-ucuncu-ayina-girdi-bugun-150-sehit-ve-onlarca-yarali-var"],"_links":{"self":[{"href":"https:\/\/archive.sana.sy\/tr\/index.php?rest_route=\/wp\/v2\/posts\/293037","targetHints":{"allow":["GET"]}}],"collection":[{"href":"https:\/\/archive.sana.sy\/tr\/index.php?rest_route=\/wp\/v2\/posts"}],"about":[{"href":"https:\/\/archive.sana.sy\/tr\/index.php?rest_route=\/wp\/v2\/types\/post"}],"author":[{"embeddable":true,"href":"https:\/\/archive.sana.sy\/tr\/index.php?rest_route=\/wp\/v2\/users\/41"}],"replies":[{"embeddable":true,"href":"https:\/\/archive.sana.sy\/tr\/index.php?rest_route=%2Fwp%2Fv2%2Fcomments&post=293037"}],"version-history":[{"count":1,"href":"https:\/\/archive.sana.sy\/tr\/index.php?rest_route=\/wp\/v2\/posts\/293037\/revisions"}],"predecessor-version":[{"id":293040,"href":"https:\/\/archive.sana.sy\/tr\/index.php?rest_route=\/wp\/v2\/posts\/293037\/revisions\/293040"}],"wp:featuredmedia":[{"embeddable":true,"href":"https:\/\/archive.sana.sy\/tr\/index.php?rest_route=\/wp\/v2\/media\/293038"}],"wp:attachment":[{"href":"https:\/\/archive.sana.sy\/tr\/index.php?rest_route=%2Fwp%2Fv2%2Fmedia&parent=293037"}],"wp:term":[{"taxonomy":"category","embeddable":true,"href":"https:\/\/archive.sana.sy\/tr\/index.php?rest_route=%2Fwp%2Fv2%2Fcategories&post=293037"},{"taxonomy":"post_tag","embeddable":true,"href":"https:\/\/archive.sana.sy\/tr\/index.php?rest_route=%2Fwp%2Fv2%2Ftags&post=293037"}],"curies":[{"name":"wp","href":"https:\/\/api.w.org\/{rel}","templated":true}]}}