{"id":293145,"date":"2023-12-08T14:00:44","date_gmt":"2023-12-08T11:00:44","guid":{"rendered":"https:\/\/sana.sy\/tr\/?p=293145"},"modified":"2023-12-10T09:56:21","modified_gmt":"2023-12-10T06:56:21","slug":"dusman-israil-guney-lubnandaki-koy-ve-kasabalara-saldirganliklarini-yeniledi","status":"publish","type":"post","link":"https:\/\/archive.sana.sy\/tr\/?p=293145","title":{"rendered":"D\u00fc\u015fman \u0130srail G\u00fcney L\u00fcbnan&#8217;daki K\u00f6y Ve Kasabalara Sald\u0131rganl\u0131klar\u0131n\u0131 \u00a0Yeniledi"},"content":{"rendered":"<p style=\"text-align: justify;\"><strong>BEYRUT 08 ARALIK (SANA)<\/strong> &#8211; Bu sabah d\u00fc\u015fman \u0130srail g\u00fcney L\u00fcbnan&#8217;daki k\u00f6y ve kasabalar\u0131 hedef almay\u0131 yeniledi.<\/p>\n<p style=\"text-align: justify;\">L\u00fcbnan Ulusal Ajans\u0131, \u0130srail d\u00fc\u015fman\u0131n\u0131n Hor\u015f Hora ve Dermamas \u00e7evresini toplarla hedef ald\u0131\u011f\u0131n\u0131 bildirdi.<\/p>\n<p style=\"text-align: justify;\">Bat\u0131 ve orta sekt\u00f6rlerdeki g\u00fcney k\u00f6yleri ve kasabalar\u0131 da geceleri, i\u015faret fi\u015fe\u011fi bombalar\u0131, d\u00fc\u015fman ke\u015fif u\u00e7aklar\u0131 ve Tire b\u00f6lgesi semalar\u0131nda meydana gelen \u00f6nleyici patlaman\u0131n sesiyle rahats\u0131z edilen temkinli bir sakinli\u011fe tan\u0131k oldu.<\/p>\n<p style=\"text-align: justify;\">El Kasimiyye\u00a0 mevkiindeki Bab El Tam b\u00f6lgesi a\u00e7\u0131klar\u0131nda denize bir top mermisi d\u00fc\u015ft\u00fc.<\/p>\n<p style=\"text-align: justify;\">Sabah saatlerinde bat\u0131 ve orta kesimlerdeki k\u00f6yler \u00fczerinden g\u00fcneyde deniz k\u0131y\u0131s\u0131na kadar d\u00fc\u015fmanca bir ke\u015fif u\u00e7u\u015fu g\u00f6zlemlendi.<\/p>\n<p style=\"text-align: left;\">Ayr\u0131ca \u0130srail d\u00fc\u015fman u\u00e7aklar\u0131 gece saatlerinde Ramiya, Beit Lev ve Ziqin kasabalar\u0131na bask\u0131nlar d\u00fczenledi.<\/p>\n<p><strong><a href=\"https:\/\/t.me\/SuriyeArapHaberAjansI\">Telegram Kanal\u0131m\u0131z\u00a0<\/a>||<a href=\"https:\/\/twitter.com\/arap_ajans\">X Platformumuz\u00a0<\/a>||<a href=\"https:\/\/www.facebook.com\/SANAHaberAjansi\/\">Facebook Sayfam\u0131z<\/a><\/strong><\/p>\n","protected":false},"excerpt":{"rendered":"<p>BEYRUT 08 ARALIK (SANA) &#8211; Bu sabah d\u00fc\u015fman \u0130srail g\u00fcney L\u00fcbnan&#8217;daki k\u00f6y ve kasabalar\u0131 hedef almay\u0131 yeniledi. L\u00fcbnan Ulusal Ajans\u0131, \u0130srail d\u00fc\u015fman\u0131n\u0131n Hor\u015f Hora ve Dermamas \u00e7evresini toplarla hedef ald\u0131\u011f\u0131n\u0131 bildirdi. Bat\u0131 ve orta sekt\u00f6rlerdeki g\u00fcney k\u00f6yleri ve kasabalar\u0131 da geceleri, i\u015faret fi\u015fe\u011fi bombalar\u0131, d\u00fc\u015fman ke\u015fif u\u00e7aklar\u0131 ve Tire b\u00f6lgesi semalar\u0131nda meydana gelen \u00f6nleyici patlaman\u0131n &hellip;<\/p>\n","protected":false},"author":1,"featured_media":293146,"comment_status":"closed","ping_status":"closed","sticky":false,"template":"","format":"standard","meta":{"footnotes":""},"categories":[458,459,17988],"tags":[],"class_list":["post-293145","post","type-post","status-publish","format-standard","has-post-thumbnail","","category-dunya1","category-haberler-arap-uluslararasi-politika","category-son-haberler"],"_links":{"self":[{"href":"https:\/\/archive.sana.sy\/tr\/index.php?rest_route=\/wp\/v2\/posts\/293145","targetHints":{"allow":["GET"]}}],"collection":[{"href":"https:\/\/archive.sana.sy\/tr\/index.php?rest_route=\/wp\/v2\/posts"}],"about":[{"href":"https:\/\/archive.sana.sy\/tr\/index.php?rest_route=\/wp\/v2\/types\/post"}],"author":[{"embeddable":true,"href":"https:\/\/archive.sana.sy\/tr\/index.php?rest_route=\/wp\/v2\/users\/1"}],"replies":[{"embeddable":true,"href":"https:\/\/archive.sana.sy\/tr\/index.php?rest_route=%2Fwp%2Fv2%2Fcomments&post=293145"}],"version-history":[{"count":2,"href":"https:\/\/archive.sana.sy\/tr\/index.php?rest_route=\/wp\/v2\/posts\/293145\/revisions"}],"predecessor-version":[{"id":293225,"href":"https:\/\/archive.sana.sy\/tr\/index.php?rest_route=\/wp\/v2\/posts\/293145\/revisions\/293225"}],"wp:featuredmedia":[{"embeddable":true,"href":"https:\/\/archive.sana.sy\/tr\/index.php?rest_route=\/wp\/v2\/media\/293146"}],"wp:attachment":[{"href":"https:\/\/archive.sana.sy\/tr\/index.php?rest_route=%2Fwp%2Fv2%2Fmedia&parent=293145"}],"wp:term":[{"taxonomy":"category","embeddable":true,"href":"https:\/\/archive.sana.sy\/tr\/index.php?rest_route=%2Fwp%2Fv2%2Fcategories&post=293145"},{"taxonomy":"post_tag","embeddable":true,"href":"https:\/\/archive.sana.sy\/tr\/index.php?rest_route=%2Fwp%2Fv2%2Ftags&post=293145"}],"curies":[{"name":"wp","href":"https:\/\/api.w.org\/{rel}","templated":true}]}}