{"id":293155,"date":"2023-12-08T17:09:26","date_gmt":"2023-12-08T14:09:26","guid":{"rendered":"https:\/\/sana.sy\/tr\/?p=293155"},"modified":"2023-12-10T09:56:27","modified_gmt":"2023-12-10T06:56:27","slug":"putin-yeni-baskanlik-donemi-icin-aday-olma-niyetini-acikladi","status":"publish","type":"post","link":"https:\/\/archive.sana.sy\/tr\/?p=293155","title":{"rendered":"Putin Yeni Ba\u015fkanl\u0131k D\u00f6nemi \u0130\u00e7in Aday Olma Niyetini A\u00e7\u0131klad\u0131"},"content":{"rendered":"<p style=\"text-align: justify;\"><strong>MOSKOVA 08 ARALIK <\/strong><strong>(SANA)<\/strong> -Rusya Devlet Ba\u015fkan\u0131 Vladimir Putin, yeni ba\u015fkanl\u0131k d\u00f6nemi i\u00e7in se\u00e7imlere kat\u0131lma niyetini a\u00e7\u0131klad\u0131.<\/p>\n<p style=\"text-align: justify;\">Rusya&#8217;n\u0131n kahramanlar\u0131na Alt\u0131n Y\u0131ld\u0131z madalyalar\u0131n\u0131n verilmesi i\u00e7in Kremlin&#8217;de d\u00fczenlenen t\u00f6ren s\u0131ras\u0131nda ve Ukrayna&#8217;daki Rus \u00f6zel askeri operasyonunun sava\u015f\u00e7\u0131s\u0131 ve Donetsk Halk Cumhuriyeti&#8217;nin kahraman\u0131 Artyom Goga ile resmi olmayan bir sohbet s\u0131ras\u0131nda, RIA Novosti&#8217;ye g\u00f6re Putin, yeni bir ba\u015fkanl\u0131k d\u00f6nemi i\u00e7in aday olmay\u0131 planlad\u0131\u011f\u0131n\u0131 belirtti.<\/p>\n<p style=\"text-align: justify;\">Rusya Merkez Se\u00e7im Komisyonu bug\u00fcn 15, 16 ve 17 Mart&#8217;ta yap\u0131lacak Rusya ba\u015fkanl\u0131k se\u00e7imlerinin tarihini belirledi.<\/p>\n<p><strong><a href=\"https:\/\/t.me\/SuriyeArapHaberAjansI\">Telegram Kanal\u0131m\u0131z\u00a0<\/a>||<a href=\"https:\/\/twitter.com\/arap_ajans\">X Platformumuz\u00a0<\/a>||<a href=\"https:\/\/www.facebook.com\/SANAHaberAjansi\/\">Facebook Sayfam\u0131z<\/a><\/strong><\/p>\n","protected":false},"excerpt":{"rendered":"<p>MOSKOVA 08 ARALIK (SANA) -Rusya Devlet Ba\u015fkan\u0131 Vladimir Putin, yeni ba\u015fkanl\u0131k d\u00f6nemi i\u00e7in se\u00e7imlere kat\u0131lma niyetini a\u00e7\u0131klad\u0131. Rusya&#8217;n\u0131n kahramanlar\u0131na Alt\u0131n Y\u0131ld\u0131z madalyalar\u0131n\u0131n verilmesi i\u00e7in Kremlin&#8217;de d\u00fczenlenen t\u00f6ren s\u0131ras\u0131nda ve Ukrayna&#8217;daki Rus \u00f6zel askeri operasyonunun sava\u015f\u00e7\u0131s\u0131 ve Donetsk Halk Cumhuriyeti&#8217;nin kahraman\u0131 Artyom Goga ile resmi olmayan bir sohbet s\u0131ras\u0131nda, RIA Novosti&#8217;ye g\u00f6re Putin, yeni bir ba\u015fkanl\u0131k &hellip;<\/p>\n","protected":false},"author":1,"featured_media":293156,"comment_status":"closed","ping_status":"closed","sticky":false,"template":"","format":"standard","meta":{"footnotes":""},"categories":[458,459,17988],"tags":[],"class_list":["post-293155","post","type-post","status-publish","format-standard","has-post-thumbnail","","category-dunya1","category-haberler-arap-uluslararasi-politika","category-son-haberler"],"_links":{"self":[{"href":"https:\/\/archive.sana.sy\/tr\/index.php?rest_route=\/wp\/v2\/posts\/293155","targetHints":{"allow":["GET"]}}],"collection":[{"href":"https:\/\/archive.sana.sy\/tr\/index.php?rest_route=\/wp\/v2\/posts"}],"about":[{"href":"https:\/\/archive.sana.sy\/tr\/index.php?rest_route=\/wp\/v2\/types\/post"}],"author":[{"embeddable":true,"href":"https:\/\/archive.sana.sy\/tr\/index.php?rest_route=\/wp\/v2\/users\/1"}],"replies":[{"embeddable":true,"href":"https:\/\/archive.sana.sy\/tr\/index.php?rest_route=%2Fwp%2Fv2%2Fcomments&post=293155"}],"version-history":[{"count":2,"href":"https:\/\/archive.sana.sy\/tr\/index.php?rest_route=\/wp\/v2\/posts\/293155\/revisions"}],"predecessor-version":[{"id":293226,"href":"https:\/\/archive.sana.sy\/tr\/index.php?rest_route=\/wp\/v2\/posts\/293155\/revisions\/293226"}],"wp:featuredmedia":[{"embeddable":true,"href":"https:\/\/archive.sana.sy\/tr\/index.php?rest_route=\/wp\/v2\/media\/293156"}],"wp:attachment":[{"href":"https:\/\/archive.sana.sy\/tr\/index.php?rest_route=%2Fwp%2Fv2%2Fmedia&parent=293155"}],"wp:term":[{"taxonomy":"category","embeddable":true,"href":"https:\/\/archive.sana.sy\/tr\/index.php?rest_route=%2Fwp%2Fv2%2Fcategories&post=293155"},{"taxonomy":"post_tag","embeddable":true,"href":"https:\/\/archive.sana.sy\/tr\/index.php?rest_route=%2Fwp%2Fv2%2Ftags&post=293155"}],"curies":[{"name":"wp","href":"https:\/\/api.w.org\/{rel}","templated":true}]}}