{"id":293158,"date":"2023-12-08T17:17:46","date_gmt":"2023-12-08T14:17:46","guid":{"rendered":"https:\/\/sana.sy\/tr\/?p=293158"},"modified":"2023-12-09T17:22:58","modified_gmt":"2023-12-09T14:22:58","slug":"ekonomik-heyete-baskanlik-eden-basbakan-arnus-ikili-isbirligi-iliskilerini-gorusmek-uzere-irana-vardi","status":"publish","type":"post","link":"https:\/\/archive.sana.sy\/tr\/?p=293158","title":{"rendered":"Ekonomik Heyete Ba\u015fkanl\u0131k Eden Ba\u015fbakan Arnus, \u0130kili \u0130\u015fbirli\u011fi \u0130li\u015fkilerini G\u00f6r\u00fc\u015fmek \u00dczere \u0130ran&#8217;a Vard\u0131"},"content":{"rendered":"<p style=\"text-align: justify;\"><strong>MOSKOVA 08 ARALIK <\/strong><strong>(SANA)<\/strong> &#8211; Ekonomik heyetin ba\u015fkanl\u0131\u011f\u0131n\u0131 yapan Ba\u015fbakan H\u00fcseyin Arnus, ikili i\u015fbirli\u011fi ili\u015fkilerini, ortak ekonomik i\u015fbirli\u011fi anla\u015fmas\u0131yla ilgili konular\u0131 ve iki \u00fclke aras\u0131ndaki ticari al\u0131\u015fveri\u015fi geli\u015ftirmenin yollar\u0131n\u0131 g\u00f6r\u00fc\u015fmek \u00fczere bug\u00fcn Tahran&#8217;a geldi.<\/p>\n<p style=\"text-align: justify;\">Arnus, Suriye ve \u0130ran aras\u0131ndaki Ortak Y\u00fcksek \u0130\u015fbirli\u011fi Komitesi toplant\u0131lar\u0131na Suriye taraf\u0131ndan ba\u015fkanl\u0131k ediyor.<\/p>\n<p style=\"text-align: justify;\">Arnus ve beraberindeki heyet, Mehrabad Havaliman\u0131&#8217;nda \u0130ran Adalet Bakan\u0131 Emin H\u00fcseyin Rahimi, \u0130ran D\u0131\u015fi\u015fleri Bakan Yard\u0131mc\u0131s\u0131 Mehdi \u015eu\u015ftari ve Suriye&#8217;nin Tahran B\u00fcy\u00fckel\u00e7isi Dr. \u015eefik Dayub taraf\u0131ndan kar\u015f\u0131land\u0131.<\/p>\n<p><img loading=\"lazy\" decoding=\"async\" class=\"wp-image-293160 size-full aligncenter\" src=\"http:\/\/sana.sy\/tr\/wp-content\/uploads\/2023\/12\/photo_2023-12-08_16-50-40-768x434-1.jpg\" alt=\"\" width=\"768\" height=\"434\" srcset=\"https:\/\/archive.sana.sy\/tr\/wp-content\/uploads\/2023\/12\/photo_2023-12-08_16-50-40-768x434-1.jpg 768w, https:\/\/archive.sana.sy\/tr\/wp-content\/uploads\/2023\/12\/photo_2023-12-08_16-50-40-768x434-1-300x170.jpg 300w\" sizes=\"auto, (max-width: 768px) 100vw, 768px\" \/><\/p>\n<p><strong><a href=\"https:\/\/t.me\/SuriyeArapHaberAjansI\">Telegram Kanal\u0131m\u0131z\u00a0<\/a>||<a href=\"https:\/\/twitter.com\/arap_ajans\">X Platformumuz\u00a0<\/a>||<a href=\"https:\/\/www.facebook.com\/SANAHaberAjansi\/\">Facebook Sayfam\u0131z<\/a><\/strong><\/p>\n","protected":false},"excerpt":{"rendered":"<p>MOSKOVA 08 ARALIK (SANA) &#8211; Ekonomik heyetin ba\u015fkanl\u0131\u011f\u0131n\u0131 yapan Ba\u015fbakan H\u00fcseyin Arnus, ikili i\u015fbirli\u011fi ili\u015fkilerini, ortak ekonomik i\u015fbirli\u011fi anla\u015fmas\u0131yla ilgili konular\u0131 ve iki \u00fclke aras\u0131ndaki ticari al\u0131\u015fveri\u015fi geli\u015ftirmenin yollar\u0131n\u0131 g\u00f6r\u00fc\u015fmek \u00fczere bug\u00fcn Tahran&#8217;a geldi. Arnus, Suriye ve \u0130ran aras\u0131ndaki Ortak Y\u00fcksek \u0130\u015fbirli\u011fi Komitesi toplant\u0131lar\u0131na Suriye taraf\u0131ndan ba\u015fkanl\u0131k ediyor. Arnus ve beraberindeki heyet, Mehrabad Havaliman\u0131&#8217;nda \u0130ran &hellip;<\/p>\n","protected":false},"author":1,"featured_media":293159,"comment_status":"closed","ping_status":"closed","sticky":false,"template":"","format":"standard","meta":{"footnotes":""},"categories":[458,485,486,459,17988],"tags":[],"class_list":["post-293158","post","type-post","status-publish","format-standard","has-post-thumbnail","","category-dunya1","category-is-ve-sermaye","category-haberler-is-ve-sermaye","category-haberler-arap-uluslararasi-politika","category-son-haberler"],"_links":{"self":[{"href":"https:\/\/archive.sana.sy\/tr\/index.php?rest_route=\/wp\/v2\/posts\/293158","targetHints":{"allow":["GET"]}}],"collection":[{"href":"https:\/\/archive.sana.sy\/tr\/index.php?rest_route=\/wp\/v2\/posts"}],"about":[{"href":"https:\/\/archive.sana.sy\/tr\/index.php?rest_route=\/wp\/v2\/types\/post"}],"author":[{"embeddable":true,"href":"https:\/\/archive.sana.sy\/tr\/index.php?rest_route=\/wp\/v2\/users\/1"}],"replies":[{"embeddable":true,"href":"https:\/\/archive.sana.sy\/tr\/index.php?rest_route=%2Fwp%2Fv2%2Fcomments&post=293158"}],"version-history":[{"count":2,"href":"https:\/\/archive.sana.sy\/tr\/index.php?rest_route=\/wp\/v2\/posts\/293158\/revisions"}],"predecessor-version":[{"id":293193,"href":"https:\/\/archive.sana.sy\/tr\/index.php?rest_route=\/wp\/v2\/posts\/293158\/revisions\/293193"}],"wp:featuredmedia":[{"embeddable":true,"href":"https:\/\/archive.sana.sy\/tr\/index.php?rest_route=\/wp\/v2\/media\/293159"}],"wp:attachment":[{"href":"https:\/\/archive.sana.sy\/tr\/index.php?rest_route=%2Fwp%2Fv2%2Fmedia&parent=293158"}],"wp:term":[{"taxonomy":"category","embeddable":true,"href":"https:\/\/archive.sana.sy\/tr\/index.php?rest_route=%2Fwp%2Fv2%2Fcategories&post=293158"},{"taxonomy":"post_tag","embeddable":true,"href":"https:\/\/archive.sana.sy\/tr\/index.php?rest_route=%2Fwp%2Fv2%2Ftags&post=293158"}],"curies":[{"name":"wp","href":"https:\/\/api.w.org\/{rel}","templated":true}]}}