{"id":293180,"date":"2023-12-09T09:32:54","date_gmt":"2023-12-09T06:32:54","guid":{"rendered":"https:\/\/sana.sy\/tr\/?p=293180"},"modified":"2023-12-10T09:56:38","modified_gmt":"2023-12-10T06:56:38","slug":"dusman-israil-guney-lubnandaki-koy-ve-kasabalara-saldirilarini-yeniledi","status":"publish","type":"post","link":"https:\/\/archive.sana.sy\/tr\/?p=293180","title":{"rendered":"D\u00fc\u015fman \u0130srail G\u00fcney L\u00fcbnan&#8217;daki K\u00f6y Ve Kasabalara Sald\u0131r\u0131lar\u0131n\u0131 Yeniledi"},"content":{"rendered":"<p style=\"text-align: justify;\"><strong>BEYRUT 09 ARALIK (SANA) &#8211;<\/strong> Bu sabah \u0130srail d\u00fc\u015fman\u0131, g\u00fcney L\u00fcbnan&#8217;daki k\u00f6y ve kasabalara y\u00f6nelik sald\u0131r\u0131lar\u0131n\u0131 art\u0131rmaya devam etti, evleri ve yerle\u015fim yerlerini hedef alarak yaralanmalara ve hasara neden oldu.<\/p>\n<p style=\"text-align: justify;\">L\u00fcbnan Ulusal Haber Ajans\u0131, \u2018\u2019Sabah saatlerinde \u0130srail d\u00fc\u015fman\u0131, Birkat Ri\u015fa \u00a0ve El Raheb&#8217;deki mevzilerinin yak\u0131n\u0131ndaki vadilere ve a\u011f\u0131r hava sald\u0131r\u0131lar\u0131na maruz kalan Ayta El \u015eaab kasabas\u0131n\u0131n eteklerine yo\u011fun ate\u015f a\u00e7t\u0131. Bu da say\u0131lmayan \u00e7ok say\u0131da can kayb\u0131na yol a\u00e7t\u0131\u2019\u2019 dedi.<\/p>\n<p style=\"text-align: justify;\">\u0130srail d\u00fc\u015fman ke\u015fif u\u00e7a\u011f\u0131 da L\u00fcbnan hava sahas\u0131n\u0131n kutsall\u0131\u011f\u0131n\u0131 ihlal ederek, d\u00fcn geceden bu sabaha kadar bat\u0131 ve orta b\u00f6lgelerdeki k\u00f6ylerin \u00fczerinden u\u00e7arken, top\u00e7ular\u0131 El Dahire , Alma El \u015eaab, Marcayun B\u00f6lgesi&#8217;ndeki Blida kasabas\u0131n\u0131n g\u00fcney ve do\u011fu etekleri ile Tire B\u00f6lgesi&#8217;ndeki Tayir Harfa kasabas\u0131n\u0131n bat\u0131 etekleri aras\u0131ndaki b\u00f6lgeyi bombalad\u0131.<\/p>\n<p style=\"text-align: justify;\">D\u00fc\u015fman \u0130srail ayr\u0131ca sald\u0131r\u0131lar\u0131n\u0131 art\u0131rd\u0131 ve Labouneh Da\u011f\u0131&#8217;n\u0131 a\u011f\u0131r top mermileriyle bombalad\u0131.<\/p>\n<p style=\"text-align: center;\"><strong><a href=\"https:\/\/t.me\/SuriyeArapHaberAjansI\">Telegram Kanal\u0131m\u0131z\u00a0<\/a>||<a href=\"https:\/\/twitter.com\/arap_ajans\">X Platformumuz\u00a0<\/a>||<a href=\"https:\/\/www.facebook.com\/SANAHaberAjansi\/\">Facebook Sayfam\u0131z<\/a><\/strong><\/p>\n","protected":false},"excerpt":{"rendered":"<p>BEYRUT 09 ARALIK (SANA) &#8211; Bu sabah \u0130srail d\u00fc\u015fman\u0131, g\u00fcney L\u00fcbnan&#8217;daki k\u00f6y ve kasabalara y\u00f6nelik sald\u0131r\u0131lar\u0131n\u0131 art\u0131rmaya devam etti, evleri ve yerle\u015fim yerlerini hedef alarak yaralanmalara ve hasara neden oldu. L\u00fcbnan Ulusal Haber Ajans\u0131, \u2018\u2019Sabah saatlerinde \u0130srail d\u00fc\u015fman\u0131, Birkat Ri\u015fa \u00a0ve El Raheb&#8217;deki mevzilerinin yak\u0131n\u0131ndaki vadilere ve a\u011f\u0131r hava sald\u0131r\u0131lar\u0131na maruz kalan Ayta El \u015eaab &hellip;<\/p>\n","protected":false},"author":41,"featured_media":293181,"comment_status":"closed","ping_status":"closed","sticky":false,"template":"","format":"standard","meta":{"footnotes":""},"categories":[458,459,17988],"tags":[40528],"class_list":["post-293180","post","type-post","status-publish","format-standard","has-post-thumbnail","","category-dunya1","category-haberler-arap-uluslararasi-politika","category-son-haberler","tag-dusman-israil-guney-lubnandaki-koy-ve-kasabalara-saldirilarini-yeniledi"],"_links":{"self":[{"href":"https:\/\/archive.sana.sy\/tr\/index.php?rest_route=\/wp\/v2\/posts\/293180","targetHints":{"allow":["GET"]}}],"collection":[{"href":"https:\/\/archive.sana.sy\/tr\/index.php?rest_route=\/wp\/v2\/posts"}],"about":[{"href":"https:\/\/archive.sana.sy\/tr\/index.php?rest_route=\/wp\/v2\/types\/post"}],"author":[{"embeddable":true,"href":"https:\/\/archive.sana.sy\/tr\/index.php?rest_route=\/wp\/v2\/users\/41"}],"replies":[{"embeddable":true,"href":"https:\/\/archive.sana.sy\/tr\/index.php?rest_route=%2Fwp%2Fv2%2Fcomments&post=293180"}],"version-history":[{"count":1,"href":"https:\/\/archive.sana.sy\/tr\/index.php?rest_route=\/wp\/v2\/posts\/293180\/revisions"}],"predecessor-version":[{"id":293182,"href":"https:\/\/archive.sana.sy\/tr\/index.php?rest_route=\/wp\/v2\/posts\/293180\/revisions\/293182"}],"wp:featuredmedia":[{"embeddable":true,"href":"https:\/\/archive.sana.sy\/tr\/index.php?rest_route=\/wp\/v2\/media\/293181"}],"wp:attachment":[{"href":"https:\/\/archive.sana.sy\/tr\/index.php?rest_route=%2Fwp%2Fv2%2Fmedia&parent=293180"}],"wp:term":[{"taxonomy":"category","embeddable":true,"href":"https:\/\/archive.sana.sy\/tr\/index.php?rest_route=%2Fwp%2Fv2%2Fcategories&post=293180"},{"taxonomy":"post_tag","embeddable":true,"href":"https:\/\/archive.sana.sy\/tr\/index.php?rest_route=%2Fwp%2Fv2%2Ftags&post=293180"}],"curies":[{"name":"wp","href":"https:\/\/api.w.org\/{rel}","templated":true}]}}