{"id":293234,"date":"2023-12-10T13:39:15","date_gmt":"2023-12-10T10:39:15","guid":{"rendered":"https:\/\/sana.sy\/tr\/?p=293234"},"modified":"2023-12-12T08:17:23","modified_gmt":"2023-12-12T05:17:23","slug":"arnus-ahmedian-ile-suriye-iran-iliskilerini-ve-son-bolgesel-ve-uluslararasi-gelismeleri-gorustu","status":"publish","type":"post","link":"https:\/\/archive.sana.sy\/tr\/?p=293234","title":{"rendered":"Arnus, Ahmediyan \u0130le Suriye-\u0130ran \u0130li\u015fkilerini Ve Son B\u00f6lgesel Ve Uluslararas\u0131 Geli\u015fmeleri G\u00f6r\u00fc\u015ft\u00fc"},"content":{"rendered":"<p style=\"text-align: justify;\"><strong>TAHRAN 10 Aral\u0131k 2023 (SANA) \u2013<\/strong> Ba\u015fbakan H\u00fcseyin Arnus bu sabah Tahran&#8217;daki rezidans\u0131nda \u0130ran Y\u00fcksek Ulusal G\u00fcvenlik Konseyi Sekreteri Ali Ekber Ahmadiyan ile bir araya gelerek ikili ili\u015fkiler ve son b\u00f6lgesel ve uluslararas\u0131 geli\u015fmeleri ele ald\u0131.<\/p>\n<p style=\"text-align: justify;\">Arnus, Suriye-\u0130ran Ortak Y\u00fcksek Komitesi toplant\u0131s\u0131nda yap\u0131lanlar\u0131 ve \u00e7e\u015fitli ekonomik alanlarda elde edilen sonu\u00e7lar\u0131 de\u011ferlendirdi.<\/p>\n<p style=\"text-align: justify;\">Mh\u00fc Arnus, &#8220;\u0130ki \u00fclke h\u00fck\u00fcmetleri, Maruz kald\u0131klar\u0131 haks\u0131z bask\u0131 ve cezalar \u0131\u015f\u0131\u011f\u0131nda, iki \u00fclkenin ve iki dost halk\u0131n \u00e7\u0131karlar\u0131na hizmet edecek pratik ba\u015far\u0131lar elde etmek i\u00e7in sahada mutabakata var\u0131lan hususlar\u0131 hayata ge\u00e7irmek i\u00e7in t\u00fcm g\u00fc\u00e7leriyle \u00e7al\u0131\u015f\u0131yorlar&#8221; diyerek, \u201cortak \u00e7abalar bask\u0131lar\u0131 ortadan kald\u0131racak ve iki \u00fclkenin kararl\u0131l\u0131\u011f\u0131n\u0131 g\u00fc\u00e7lendirecektir\u201d ifadelerini ekledi.<\/p>\n<p style=\"text-align: justify;\">Arnus ayr\u0131ca, ikili i\u015fbirli\u011finin her iki tarafa ve t\u00fcm b\u00f6lgeye olumlu sonu\u00e7lar yans\u0131taca\u011f\u0131n\u0131 vurgulad\u0131.<\/p>\n<p style=\"text-align: justify;\">Kendi y\u00f6n\u00fcnden Ahmediyan, Suriye-\u0130ran ili\u015fkilerinin derinli\u011fini vurgulayarak, &#8220;Suriye&#8217;nin b\u00f6lgede \u00f6nemli bir rol\u00fc oldu\u011funu ve Suriye&#8217;nin oldu\u011fundan daha g\u00fc\u00e7l\u00fc olaca\u011f\u0131na olan g\u00fcvenini ifade etti\u011fini&#8221; dedi.<\/p>\n<p style=\"text-align: justify;\">Ahmadiyan, t\u00fcm bask\u0131 ve tehditlere ra\u011fmen direni\u015f ekseninin g\u00fc\u00e7lendi\u011fine dikkat \u00e7ekti.<\/p>\n<p style=\"text-align: justify;\">Toplant\u0131ya, beraberindeki Suriye heyeti, Tahran&#8217;daki Suriye b\u00fcy\u00fckel\u00e7isi ve \u015eam&#8217;daki \u0130ran b\u00fcy\u00fckel\u00e7isi kat\u0131ld\u0131.<\/p>\n<p style=\"text-align: center;\"><strong><a href=\"https:\/\/t.me\/SuriyeArapHaberAjansI\">Telegram Kanal\u0131m\u0131z\u00a0<\/a>||<a href=\"https:\/\/twitter.com\/arap_ajans\">X Platformumuz\u00a0<\/a>||<a href=\"https:\/\/www.facebook.com\/SANAHaberAjansi\/\">Facebook Sayfam\u0131z<\/a><\/strong><\/p>\n","protected":false},"excerpt":{"rendered":"<p>TAHRAN 10 Aral\u0131k 2023 (SANA) \u2013 Ba\u015fbakan H\u00fcseyin Arnus bu sabah Tahran&#8217;daki rezidans\u0131nda \u0130ran Y\u00fcksek Ulusal G\u00fcvenlik Konseyi Sekreteri Ali Ekber Ahmadiyan ile bir araya gelerek ikili ili\u015fkiler ve son b\u00f6lgesel ve uluslararas\u0131 geli\u015fmeleri ele ald\u0131. Arnus, Suriye-\u0130ran Ortak Y\u00fcksek Komitesi toplant\u0131s\u0131nda yap\u0131lanlar\u0131 ve \u00e7e\u015fitli ekonomik alanlarda elde edilen sonu\u00e7lar\u0131 de\u011ferlendirdi. Mh\u00fc Arnus, &#8220;\u0130ki \u00fclke &hellip;<\/p>\n","protected":false},"author":39,"featured_media":293235,"comment_status":"closed","ping_status":"closed","sticky":false,"template":"","format":"standard","meta":{"footnotes":""},"categories":[458,459,17988],"tags":[],"class_list":["post-293234","post","type-post","status-publish","format-standard","has-post-thumbnail","","category-dunya1","category-haberler-arap-uluslararasi-politika","category-son-haberler"],"_links":{"self":[{"href":"https:\/\/archive.sana.sy\/tr\/index.php?rest_route=\/wp\/v2\/posts\/293234","targetHints":{"allow":["GET"]}}],"collection":[{"href":"https:\/\/archive.sana.sy\/tr\/index.php?rest_route=\/wp\/v2\/posts"}],"about":[{"href":"https:\/\/archive.sana.sy\/tr\/index.php?rest_route=\/wp\/v2\/types\/post"}],"author":[{"embeddable":true,"href":"https:\/\/archive.sana.sy\/tr\/index.php?rest_route=\/wp\/v2\/users\/39"}],"replies":[{"embeddable":true,"href":"https:\/\/archive.sana.sy\/tr\/index.php?rest_route=%2Fwp%2Fv2%2Fcomments&post=293234"}],"version-history":[{"count":2,"href":"https:\/\/archive.sana.sy\/tr\/index.php?rest_route=\/wp\/v2\/posts\/293234\/revisions"}],"predecessor-version":[{"id":293243,"href":"https:\/\/archive.sana.sy\/tr\/index.php?rest_route=\/wp\/v2\/posts\/293234\/revisions\/293243"}],"wp:featuredmedia":[{"embeddable":true,"href":"https:\/\/archive.sana.sy\/tr\/index.php?rest_route=\/wp\/v2\/media\/293235"}],"wp:attachment":[{"href":"https:\/\/archive.sana.sy\/tr\/index.php?rest_route=%2Fwp%2Fv2%2Fmedia&parent=293234"}],"wp:term":[{"taxonomy":"category","embeddable":true,"href":"https:\/\/archive.sana.sy\/tr\/index.php?rest_route=%2Fwp%2Fv2%2Fcategories&post=293234"},{"taxonomy":"post_tag","embeddable":true,"href":"https:\/\/archive.sana.sy\/tr\/index.php?rest_route=%2Fwp%2Fv2%2Ftags&post=293234"}],"curies":[{"name":"wp","href":"https:\/\/api.w.org\/{rel}","templated":true}]}}