{"id":293238,"date":"2023-12-10T12:35:18","date_gmt":"2023-12-10T09:35:18","guid":{"rendered":"https:\/\/sana.sy\/tr\/?p=293238"},"modified":"2023-12-12T08:17:15","modified_gmt":"2023-12-12T05:17:15","slug":"dusman-israil-guney-lubnandaki-koy-ve-kasabalara-yonelik-hava-saldirilarini-ve-topcu-bombardimanini-yeniledi","status":"publish","type":"post","link":"https:\/\/archive.sana.sy\/tr\/?p=293238","title":{"rendered":"D\u00fc\u015fman \u0130srail G\u00fcney L\u00fcbnan&#8217;daki K\u00f6y Ve Kasabalara Y\u00f6nelik Hava Sald\u0131r\u0131lar\u0131n\u0131 Ve Top\u00e7u Bombard\u0131man\u0131n\u0131 Yeniledi"},"content":{"rendered":"<p style=\"text-align: justify;\"><strong>BEYRUT 10 Aral\u0131k 2023 (SANA) \u2013<\/strong> D\u00fc\u015fman \u0130srail bug\u00fcn g\u00fcney L\u00fcbnan&#8217;daki k\u00f6y ve kasabalara hava sald\u0131r\u0131lar\u0131n\u0131 ve top\u00e7u bombard\u0131man\u0131n\u0131 yeniledi.<\/p>\n<p style=\"text-align: justify;\">L\u00fcbnan Ulusal Haber Ajans\u0131, d\u00fc\u015fman g\u00fc\u00e7lerinin, Marun El Ras kasabas\u0131n\u0131n eteklerine \u00fc\u00e7, Yarun kasabas\u0131na ise d\u00f6rt hava sald\u0131r\u0131s\u0131 d\u00fczenledi\u011fini, bunun ayn\u0131 b\u00f6lgeyi hedef alan \u015fiddetli top at\u0131\u015flar\u0131yla ayn\u0131 zamana denk geldi\u011fini bildirdi.<\/p>\n<p style=\"text-align: justify;\">Ajans ayr\u0131ca, d\u00fc\u015fman \u0130srail g\u00fc\u00e7lerinin, Vadi Hamul ve Ayn El Zarka&#8217;n\u0131n yan\u0131 s\u0131ra Aiytarun, Kunine ve Muhaybib kasabalar\u0131n\u0131n d\u0131\u015f mahalleleri ve Ramiya ve Aita El \u015eaab kasabalar\u0131n\u0131n eteklerini de toplarla bombalad\u0131\u011f\u0131na i\u015faret etti.<\/p>\n<p style=\"text-align: center;\"><strong><a href=\"https:\/\/t.me\/SuriyeArapHaberAjansI\">Telegram Kanal\u0131m\u0131z\u00a0<\/a>||<a href=\"https:\/\/twitter.com\/arap_ajans\">X Platformumuz\u00a0<\/a>||<a href=\"https:\/\/www.facebook.com\/SANAHaberAjansi\/\">Facebook Sayfam\u0131z<\/a><\/strong><\/p>\n","protected":false},"excerpt":{"rendered":"<p>BEYRUT 10 Aral\u0131k 2023 (SANA) \u2013 D\u00fc\u015fman \u0130srail bug\u00fcn g\u00fcney L\u00fcbnan&#8217;daki k\u00f6y ve kasabalara hava sald\u0131r\u0131lar\u0131n\u0131 ve top\u00e7u bombard\u0131man\u0131n\u0131 yeniledi. L\u00fcbnan Ulusal Haber Ajans\u0131, d\u00fc\u015fman g\u00fc\u00e7lerinin, Marun El Ras kasabas\u0131n\u0131n eteklerine \u00fc\u00e7, Yarun kasabas\u0131na ise d\u00f6rt hava sald\u0131r\u0131s\u0131 d\u00fczenledi\u011fini, bunun ayn\u0131 b\u00f6lgeyi hedef alan \u015fiddetli top at\u0131\u015flar\u0131yla ayn\u0131 zamana denk geldi\u011fini bildirdi. Ajans ayr\u0131ca, d\u00fc\u015fman &hellip;<\/p>\n","protected":false},"author":39,"featured_media":293239,"comment_status":"closed","ping_status":"closed","sticky":false,"template":"","format":"standard","meta":{"footnotes":""},"categories":[458,459,17988],"tags":[],"class_list":["post-293238","post","type-post","status-publish","format-standard","has-post-thumbnail","","category-dunya1","category-haberler-arap-uluslararasi-politika","category-son-haberler"],"_links":{"self":[{"href":"https:\/\/archive.sana.sy\/tr\/index.php?rest_route=\/wp\/v2\/posts\/293238","targetHints":{"allow":["GET"]}}],"collection":[{"href":"https:\/\/archive.sana.sy\/tr\/index.php?rest_route=\/wp\/v2\/posts"}],"about":[{"href":"https:\/\/archive.sana.sy\/tr\/index.php?rest_route=\/wp\/v2\/types\/post"}],"author":[{"embeddable":true,"href":"https:\/\/archive.sana.sy\/tr\/index.php?rest_route=\/wp\/v2\/users\/39"}],"replies":[{"embeddable":true,"href":"https:\/\/archive.sana.sy\/tr\/index.php?rest_route=%2Fwp%2Fv2%2Fcomments&post=293238"}],"version-history":[{"count":1,"href":"https:\/\/archive.sana.sy\/tr\/index.php?rest_route=\/wp\/v2\/posts\/293238\/revisions"}],"predecessor-version":[{"id":293240,"href":"https:\/\/archive.sana.sy\/tr\/index.php?rest_route=\/wp\/v2\/posts\/293238\/revisions\/293240"}],"wp:featuredmedia":[{"embeddable":true,"href":"https:\/\/archive.sana.sy\/tr\/index.php?rest_route=\/wp\/v2\/media\/293239"}],"wp:attachment":[{"href":"https:\/\/archive.sana.sy\/tr\/index.php?rest_route=%2Fwp%2Fv2%2Fmedia&parent=293238"}],"wp:term":[{"taxonomy":"category","embeddable":true,"href":"https:\/\/archive.sana.sy\/tr\/index.php?rest_route=%2Fwp%2Fv2%2Fcategories&post=293238"},{"taxonomy":"post_tag","embeddable":true,"href":"https:\/\/archive.sana.sy\/tr\/index.php?rest_route=%2Fwp%2Fv2%2Ftags&post=293238"}],"curies":[{"name":"wp","href":"https:\/\/api.w.org\/{rel}","templated":true}]}}