{"id":293254,"date":"2023-12-10T13:21:52","date_gmt":"2023-12-10T10:21:52","guid":{"rendered":"https:\/\/sana.sy\/tr\/?p=293254"},"modified":"2023-12-12T08:17:19","modified_gmt":"2023-12-12T05:17:19","slug":"isgalci-turkiyenin-alluk-istasyonuna-yonelik-saldirilari-sonucu-haseke-halki-su-sikintisi-cekmeye-devam-ediyor","status":"publish","type":"post","link":"https:\/\/archive.sana.sy\/tr\/?p=293254","title":{"rendered":"\u0130\u015fgalci T\u00fcrkiye\u2019nin Alluk \u0130stasyonuna Y\u00f6nelik Sald\u0131r\u0131lar\u0131 Sonucu Haseke Halk\u0131 Su S\u0131k\u0131nt\u0131s\u0131 \u00c7ekmeye Devam Ediyor"},"content":{"rendered":"<p style=\"text-align: justify;\"><strong>HASEKE 10 ARALIK (SANA)<\/strong> &#8211; Alluk su istasyonunun elektrik kesintisi nedeniyle \u00e7al\u0131\u015fmay\u0131 durdurmas\u0131 sonucu Haseke kenti ve vilayetin bat\u0131 k\u0131rsal\u0131nda ya\u015fayanlar iki ay\u0131 a\u015fk\u0131n s\u00fcredir su sekt\u00f6r\u00fcnden ma\u011fdur olmaya devam ediyor. Bu, i\u015fgalci T\u00fcrkiye\u2019nin valilikteki elektrik santrallerine y\u00f6nelik sald\u0131r\u0131lar\u0131 ve b\u00fcy\u00fck \u00e7o\u011funlu\u011funun hizmet d\u0131\u015f\u0131 kalmas\u0131n\u0131n bir sonucudur.<\/p>\n<p style=\"text-align: justify;\">Haseke Su Kurumu M\u00fcd\u00fcr\u00fc Muhammed Osman, SANA muhabirine, \u2018\u2019 Alluk istasyonu, T\u00fcrk i\u015fgalinin elektrik santrallerine y\u00f6nelik sald\u0131r\u0131lar\u0131 sonucu elektrik kesintisi nedeniyle ge\u00e7en Ekim ay\u0131n\u0131n 3&#8217;\u00fcnden bu yana \u00e7al\u0131\u015fmay\u0131 durdurdu. Bu, bir milyondan fazla vatanda\u015f\u0131n tek su kayna\u011f\u0131n\u0131n kesilmesine yol a\u00e7t\u0131\u2019\u2019 a\u00e7\u0131klamas\u0131nda bulundu.<\/p>\n<p style=\"text-align: justify;\">Kurumun Haseke \u015fehrinde 14 su ar\u0131tma tesisi i\u015fleterek halka yeterli miktarda i\u00e7me suyu sa\u011flamaya kararl\u0131 oldu\u011funu belirten Osman, Birle\u015fmi\u015f Milletler \u00c7ocuklara Yard\u0131m Fonu (UNICEF) i\u015f birli\u011fiyle, su ar\u0131tma tesislerinin \u00f6n\u00fcm\u00fczdeki d\u00f6nemde de faaliyetinin devam\u0131n\u0131 sa\u011flamak amac\u0131yla partiler halinde da\u011f\u0131t\u0131lmak \u00fczere 50.000 litre yak\u0131t temin etti\u011fini belirtti.<\/p>\n<p style=\"text-align: justify;\">Osman ayr\u0131ca, , Vakf\u0131n ayr\u0131ca insani alanda \u00e7al\u0131\u015fan \u00e7ok say\u0131da kurum ve kurulu\u015fla i\u015f birli\u011fi yaparak park ve sokaklara yay\u0131lan depolar\u0131 doldurarak kent ve \u00e7evre mahalle halk\u0131na i\u00e7me suyu sa\u011flamaya devam etti\u011fini kaydetti.<\/p>\n<p style=\"text-align: center;\"><strong><a href=\"https:\/\/t.me\/SuriyeArapHaberAjansI\">Telegram Kanal\u0131m\u0131z\u00a0<\/a>||<a href=\"https:\/\/twitter.com\/arap_ajans\">X Platformumuz\u00a0<\/a>||<a href=\"https:\/\/www.facebook.com\/SANAHaberAjansi\/\">Facebook Sayfam\u0131z<\/a><\/strong><\/p>\n","protected":false},"excerpt":{"rendered":"<p>HASEKE 10 ARALIK (SANA) &#8211; Alluk su istasyonunun elektrik kesintisi nedeniyle \u00e7al\u0131\u015fmay\u0131 durdurmas\u0131 sonucu Haseke kenti ve vilayetin bat\u0131 k\u0131rsal\u0131nda ya\u015fayanlar iki ay\u0131 a\u015fk\u0131n s\u00fcredir su sekt\u00f6r\u00fcnden ma\u011fdur olmaya devam ediyor. Bu, i\u015fgalci T\u00fcrkiye\u2019nin valilikteki elektrik santrallerine y\u00f6nelik sald\u0131r\u0131lar\u0131 ve b\u00fcy\u00fck \u00e7o\u011funlu\u011funun hizmet d\u0131\u015f\u0131 kalmas\u0131n\u0131n bir sonucudur. Haseke Su Kurumu M\u00fcd\u00fcr\u00fc Muhammed Osman, SANA muhabirine, &hellip;<\/p>\n","protected":false},"author":41,"featured_media":293255,"comment_status":"closed","ping_status":"closed","sticky":false,"template":"","format":"standard","meta":{"footnotes":""},"categories":[479,575,17988,478],"tags":[40541],"class_list":["post-293254","post","type-post","status-publish","format-standard","has-post-thumbnail","","category-haberler-yerel","category-olaylar-ve-gercekler","category-son-haberler","category-yerel","tag-isgalci-turkiyenin-alluk-istasyonuna-yonelik-saldirilari-sonucu-haseke-halki-su-sikintisi-cekmeye-devam-ediyor"],"_links":{"self":[{"href":"https:\/\/archive.sana.sy\/tr\/index.php?rest_route=\/wp\/v2\/posts\/293254","targetHints":{"allow":["GET"]}}],"collection":[{"href":"https:\/\/archive.sana.sy\/tr\/index.php?rest_route=\/wp\/v2\/posts"}],"about":[{"href":"https:\/\/archive.sana.sy\/tr\/index.php?rest_route=\/wp\/v2\/types\/post"}],"author":[{"embeddable":true,"href":"https:\/\/archive.sana.sy\/tr\/index.php?rest_route=\/wp\/v2\/users\/41"}],"replies":[{"embeddable":true,"href":"https:\/\/archive.sana.sy\/tr\/index.php?rest_route=%2Fwp%2Fv2%2Fcomments&post=293254"}],"version-history":[{"count":1,"href":"https:\/\/archive.sana.sy\/tr\/index.php?rest_route=\/wp\/v2\/posts\/293254\/revisions"}],"predecessor-version":[{"id":293256,"href":"https:\/\/archive.sana.sy\/tr\/index.php?rest_route=\/wp\/v2\/posts\/293254\/revisions\/293256"}],"wp:featuredmedia":[{"embeddable":true,"href":"https:\/\/archive.sana.sy\/tr\/index.php?rest_route=\/wp\/v2\/media\/293255"}],"wp:attachment":[{"href":"https:\/\/archive.sana.sy\/tr\/index.php?rest_route=%2Fwp%2Fv2%2Fmedia&parent=293254"}],"wp:term":[{"taxonomy":"category","embeddable":true,"href":"https:\/\/archive.sana.sy\/tr\/index.php?rest_route=%2Fwp%2Fv2%2Fcategories&post=293254"},{"taxonomy":"post_tag","embeddable":true,"href":"https:\/\/archive.sana.sy\/tr\/index.php?rest_route=%2Fwp%2Fv2%2Ftags&post=293254"}],"curies":[{"name":"wp","href":"https:\/\/api.w.org\/{rel}","templated":true}]}}