{"id":293263,"date":"2023-12-10T23:28:43","date_gmt":"2023-12-10T20:28:43","guid":{"rendered":"https:\/\/sana.sy\/tr\/?p=293263"},"modified":"2023-12-12T08:18:02","modified_gmt":"2023-12-12T05:18:02","slug":"hava-savunmamiz-sam-cevresinde-israil-fuze-saldirganligina-karsi-koydu-4","status":"publish","type":"post","link":"https:\/\/archive.sana.sy\/tr\/?p=293263","title":{"rendered":"Hava Savunmam\u0131z, \u015eam \u00c7evresinde \u0130srail F\u00fcze Sald\u0131rganl\u0131\u011f\u0131na Kar\u015f\u0131 Koydu"},"content":{"rendered":"<p style=\"text-align: justify;\"><strong>\u015eAM 10 Aral\u0131k 2023 (SANA) &#8211; <\/strong>Suriye Arap Ordusu&#8217;nun hava savunmas\u0131, \u0130srail&#8217;in \u015eam yak\u0131nlar\u0131ndaki baz\u0131 noktalar\u0131 hedef alan f\u00fcze sald\u0131rganl\u0131\u011f\u0131na kar\u015f\u0131l\u0131k vererek d\u00fc\u015fman f\u00fczelerinden birini d\u00fc\u015f\u00fcrd\u00fc.<\/p>\n<p style=\"text-align: justify;\">Askeri bir kaynak, SANA&#8217;ya yapt\u0131\u011f\u0131 a\u00e7\u0131klamada,\u00a0 Bug\u00fcn saat 23.05 s\u0131ralar\u0131nda d\u00fc\u015fman \u0130srail, i\u015fgal edilen Suriye Golan y\u00f6n\u00fcnden \u015eam civar\u0131ndaki baz\u0131 noktalar\u0131 hedef alan hava sald\u0131rganl\u0131\u011f\u0131 d\u00fczenledi&#8221;dedi.<\/p>\n<p style=\"text-align: justify;\">Kaynak ayr\u0131ca, Hava Savunma Sistemlerimizin bu sald\u0131rganl\u0131\u011fa kar\u015f\u0131 koyup f\u00fczelerinin \u00e7o\u011funu d\u00fc\u015f\u00fcrd\u00fc\u011f\u00fcn\u00fc belirtti.<\/p>\n<p style=\"text-align: center;\"><strong><a href=\"https:\/\/t.me\/SuriyeArapHaberAjansI\">Telegram Kanal\u0131m\u0131z\u00a0<\/a>||<a href=\"https:\/\/twitter.com\/arap_ajans\">X Platformumuz\u00a0<\/a>||<a href=\"https:\/\/www.facebook.com\/SANAHaberAjansi\/\">Facebook Sayfam\u0131z<\/a><\/strong><\/p>\n","protected":false},"excerpt":{"rendered":"<p>\u015eAM 10 Aral\u0131k 2023 (SANA) &#8211; Suriye Arap Ordusu&#8217;nun hava savunmas\u0131, \u0130srail&#8217;in \u015eam yak\u0131nlar\u0131ndaki baz\u0131 noktalar\u0131 hedef alan f\u00fcze sald\u0131rganl\u0131\u011f\u0131na kar\u015f\u0131l\u0131k vererek d\u00fc\u015fman f\u00fczelerinden birini d\u00fc\u015f\u00fcrd\u00fc. Askeri bir kaynak, SANA&#8217;ya yapt\u0131\u011f\u0131 a\u00e7\u0131klamada,\u00a0 Bug\u00fcn saat 23.05 s\u0131ralar\u0131nda d\u00fc\u015fman \u0130srail, i\u015fgal edilen Suriye Golan y\u00f6n\u00fcnden \u015eam civar\u0131ndaki baz\u0131 noktalar\u0131 hedef alan hava sald\u0131rganl\u0131\u011f\u0131 d\u00fczenledi&#8221;dedi. Kaynak ayr\u0131ca, Hava &hellip;<\/p>\n","protected":false},"author":39,"featured_media":293264,"comment_status":"closed","ping_status":"closed","sticky":false,"template":"","format":"standard","meta":{"footnotes":""},"categories":[479,575,17988,478],"tags":[],"class_list":["post-293263","post","type-post","status-publish","format-standard","has-post-thumbnail","","category-haberler-yerel","category-olaylar-ve-gercekler","category-son-haberler","category-yerel"],"_links":{"self":[{"href":"https:\/\/archive.sana.sy\/tr\/index.php?rest_route=\/wp\/v2\/posts\/293263","targetHints":{"allow":["GET"]}}],"collection":[{"href":"https:\/\/archive.sana.sy\/tr\/index.php?rest_route=\/wp\/v2\/posts"}],"about":[{"href":"https:\/\/archive.sana.sy\/tr\/index.php?rest_route=\/wp\/v2\/types\/post"}],"author":[{"embeddable":true,"href":"https:\/\/archive.sana.sy\/tr\/index.php?rest_route=\/wp\/v2\/users\/39"}],"replies":[{"embeddable":true,"href":"https:\/\/archive.sana.sy\/tr\/index.php?rest_route=%2Fwp%2Fv2%2Fcomments&post=293263"}],"version-history":[{"count":3,"href":"https:\/\/archive.sana.sy\/tr\/index.php?rest_route=\/wp\/v2\/posts\/293263\/revisions"}],"predecessor-version":[{"id":293281,"href":"https:\/\/archive.sana.sy\/tr\/index.php?rest_route=\/wp\/v2\/posts\/293263\/revisions\/293281"}],"wp:featuredmedia":[{"embeddable":true,"href":"https:\/\/archive.sana.sy\/tr\/index.php?rest_route=\/wp\/v2\/media\/293264"}],"wp:attachment":[{"href":"https:\/\/archive.sana.sy\/tr\/index.php?rest_route=%2Fwp%2Fv2%2Fmedia&parent=293263"}],"wp:term":[{"taxonomy":"category","embeddable":true,"href":"https:\/\/archive.sana.sy\/tr\/index.php?rest_route=%2Fwp%2Fv2%2Fcategories&post=293263"},{"taxonomy":"post_tag","embeddable":true,"href":"https:\/\/archive.sana.sy\/tr\/index.php?rest_route=%2Fwp%2Fv2%2Ftags&post=293263"}],"curies":[{"name":"wp","href":"https:\/\/api.w.org\/{rel}","templated":true}]}}