{"id":293330,"date":"2023-12-12T13:02:18","date_gmt":"2023-12-12T10:02:18","guid":{"rendered":"https:\/\/sana.sy\/tr\/?p=293330"},"modified":"2023-12-13T08:34:02","modified_gmt":"2023-12-13T05:34:02","slug":"muhendislik-birimleri-teroristlerin-kuneitra-kirsalinda-yerlestirdigi-patlayiciyi-patlatti","status":"publish","type":"post","link":"https:\/\/archive.sana.sy\/tr\/?p=293330","title":{"rendered":"M\u00fchendislik Birimleri, Ter\u00f6ristlerin Kuneytire K\u0131rsal\u0131nda Yerle\u015ftirdi\u011fi Patlay\u0131c\u0131y\u0131 Patlatt\u0131"},"content":{"rendered":"<p style=\"text-align: justify;\"><strong>KUNEYT\u0130RE 12 Aral\u0131k 2023 (SANA) \u2013 <\/strong>Suriye Arap Ordusu&#8217;na ba\u011fl\u0131 m\u00fchendislik birimleri, ter\u00f6ristlerin Kuneytra k\u0131rsal\u0131ndaki Han Arnaba kasabas\u0131ndaki kav\u015fakta \u00f6zel bir araca yerle\u015ftirdi\u011fi patlay\u0131c\u0131y\u0131 patlatt\u0131.<\/p>\n<p style=\"text-align: justify;\">SANA muhabiri, Suriye Arap Ordusu&#8217;na ba\u011fl\u0131 m\u00fchendislik birimlerinin, karma\u015f\u0131k bir \u015fekilde haz\u0131rlan\u0131p yerle\u015ftirilen patlay\u0131c\u0131yla m\u00fcdahale ederek patlatt\u0131\u011f\u0131n\u0131 belirtti.<\/p>\n<p style=\"text-align: center;\"><strong><a href=\"https:\/\/t.me\/SuriyeArapHaberAjansI\">Telegram Kanal\u0131m\u0131z\u00a0<\/a>||<a href=\"https:\/\/twitter.com\/arap_ajans\">X Platformumuz\u00a0<\/a>||<a href=\"https:\/\/www.facebook.com\/SANAHaberAjansi\/\">Facebook Sayfam\u0131z<\/a><\/strong><\/p>\n","protected":false},"excerpt":{"rendered":"<p>KUNEYT\u0130RE 12 Aral\u0131k 2023 (SANA) \u2013 Suriye Arap Ordusu&#8217;na ba\u011fl\u0131 m\u00fchendislik birimleri, ter\u00f6ristlerin Kuneytra k\u0131rsal\u0131ndaki Han Arnaba kasabas\u0131ndaki kav\u015fakta \u00f6zel bir araca yerle\u015ftirdi\u011fi patlay\u0131c\u0131y\u0131 patlatt\u0131. SANA muhabiri, Suriye Arap Ordusu&#8217;na ba\u011fl\u0131 m\u00fchendislik birimlerinin, karma\u015f\u0131k bir \u015fekilde haz\u0131rlan\u0131p yerle\u015ftirilen patlay\u0131c\u0131yla m\u00fcdahale ederek patlatt\u0131\u011f\u0131n\u0131 belirtti. Telegram Kanal\u0131m\u0131z\u00a0||X Platformumuz\u00a0||Facebook Sayfam\u0131z<\/p>\n","protected":false},"author":39,"featured_media":293331,"comment_status":"closed","ping_status":"closed","sticky":false,"template":"","format":"standard","meta":{"footnotes":""},"categories":[479,575,17988,478],"tags":[],"class_list":["post-293330","post","type-post","status-publish","format-standard","has-post-thumbnail","","category-haberler-yerel","category-olaylar-ve-gercekler","category-son-haberler","category-yerel"],"_links":{"self":[{"href":"https:\/\/archive.sana.sy\/tr\/index.php?rest_route=\/wp\/v2\/posts\/293330","targetHints":{"allow":["GET"]}}],"collection":[{"href":"https:\/\/archive.sana.sy\/tr\/index.php?rest_route=\/wp\/v2\/posts"}],"about":[{"href":"https:\/\/archive.sana.sy\/tr\/index.php?rest_route=\/wp\/v2\/types\/post"}],"author":[{"embeddable":true,"href":"https:\/\/archive.sana.sy\/tr\/index.php?rest_route=\/wp\/v2\/users\/39"}],"replies":[{"embeddable":true,"href":"https:\/\/archive.sana.sy\/tr\/index.php?rest_route=%2Fwp%2Fv2%2Fcomments&post=293330"}],"version-history":[{"count":2,"href":"https:\/\/archive.sana.sy\/tr\/index.php?rest_route=\/wp\/v2\/posts\/293330\/revisions"}],"predecessor-version":[{"id":293342,"href":"https:\/\/archive.sana.sy\/tr\/index.php?rest_route=\/wp\/v2\/posts\/293330\/revisions\/293342"}],"wp:featuredmedia":[{"embeddable":true,"href":"https:\/\/archive.sana.sy\/tr\/index.php?rest_route=\/wp\/v2\/media\/293331"}],"wp:attachment":[{"href":"https:\/\/archive.sana.sy\/tr\/index.php?rest_route=%2Fwp%2Fv2%2Fmedia&parent=293330"}],"wp:term":[{"taxonomy":"category","embeddable":true,"href":"https:\/\/archive.sana.sy\/tr\/index.php?rest_route=%2Fwp%2Fv2%2Fcategories&post=293330"},{"taxonomy":"post_tag","embeddable":true,"href":"https:\/\/archive.sana.sy\/tr\/index.php?rest_route=%2Fwp%2Fv2%2Ftags&post=293330"}],"curies":[{"name":"wp","href":"https:\/\/api.w.org\/{rel}","templated":true}]}}