{"id":293333,"date":"2023-12-12T13:13:51","date_gmt":"2023-12-12T10:13:51","guid":{"rendered":"https:\/\/sana.sy\/tr\/?p=293333"},"modified":"2023-12-13T08:34:06","modified_gmt":"2023-12-13T05:34:06","slug":"bakan-kaddur-irakli-mevkidasi-ile-petrol-gaz-ve-enerji-alaninda-isbirligi-yollarinin-gelistirilmesi-konusunu-gorustu","status":"publish","type":"post","link":"https:\/\/archive.sana.sy\/tr\/?p=293333","title":{"rendered":"Petrol Bakan\u0131, Irakl\u0131 Mevkida\u015f\u0131 \u0130le Petrol, Gaz Ve Enerji Alan\u0131nda \u0130\u015fbirli\u011fi Yollar\u0131n\u0131n Geli\u015ftirilmesi Konusunu G\u00f6r\u00fc\u015ft\u00fc"},"content":{"rendered":"<p style=\"text-align: justify;\"><strong>DAVHA 12 Aral\u0131k 2023 (SANA) \u2013 <\/strong>Petrol ve Maden Kaynaklar\u0131 Bakan\u0131 Firas Kaddur, Davha&#8217;daki 12. Enerji Konferans\u0131 oturum aralar\u0131nda Enerji \u0130\u015flerinden Sorumlu Ba\u015fbakan Yard\u0131mc\u0131s\u0131 ve Irak Petrol Bakan\u0131 Hayyan Abdul\u011eani El Sevad ile bir araya geldi.<\/p>\n<p style=\"text-align: justify;\">G\u00f6r\u00fc\u015fmede, iki \u00fclke aras\u0131ndaki ortak \u00e7\u0131karlara hizmet edecek \u015fekilde petrol, gaz ve enerji alanlar\u0131ndaki ortak \u00e7\u0131kar konular\u0131 ele al\u0131nd\u0131.<\/p>\n<p style=\"text-align: justify;\">G\u00f6\u00fcr\u015fmede ayr\u0131ca, iki \u00fclke aras\u0131nda petrol, gaz ve enerji sekt\u00f6rlerinde i\u015fbirli\u011fine y\u00f6nelik gelecekteki projelere ili\u015fkin bir dizi fikir ve vizyon da sunuldu.<\/p>\n<p style=\"text-align: justify;\">\u0130ki taraf, bu alanlarda ortak i\u015fbirli\u011finin geli\u015ftirilmesi, diyalo\u011fun s\u00fcrd\u00fcr\u00fclmesi ve fikir ve deneyim al\u0131\u015fveri\u015fi yap\u0131lmas\u0131 konusundaki kararl\u0131l\u0131klar\u0131n\u0131 vurgulad\u0131.<\/p>\n<p style=\"text-align: center;\"><strong><a href=\"https:\/\/t.me\/SuriyeArapHaberAjansI\">Telegram Kanal\u0131m\u0131z\u00a0<\/a>||<a href=\"https:\/\/twitter.com\/arap_ajans\">X Platformumuz\u00a0<\/a>||<a href=\"https:\/\/www.facebook.com\/SANAHaberAjansi\/\">Facebook Sayfam\u0131z<\/a><\/strong><\/p>\n","protected":false},"excerpt":{"rendered":"<p>DAVHA 12 Aral\u0131k 2023 (SANA) \u2013 Petrol ve Maden Kaynaklar\u0131 Bakan\u0131 Firas Kaddur, Davha&#8217;daki 12. Enerji Konferans\u0131 oturum aralar\u0131nda Enerji \u0130\u015flerinden Sorumlu Ba\u015fbakan Yard\u0131mc\u0131s\u0131 ve Irak Petrol Bakan\u0131 Hayyan Abdul\u011eani El Sevad ile bir araya geldi. G\u00f6r\u00fc\u015fmede, iki \u00fclke aras\u0131ndaki ortak \u00e7\u0131karlara hizmet edecek \u015fekilde petrol, gaz ve enerji alanlar\u0131ndaki ortak \u00e7\u0131kar konular\u0131 ele al\u0131nd\u0131. &hellip;<\/p>\n","protected":false},"author":39,"featured_media":293334,"comment_status":"closed","ping_status":"closed","sticky":false,"template":"","format":"standard","meta":{"footnotes":""},"categories":[458,459,17988],"tags":[],"class_list":["post-293333","post","type-post","status-publish","format-standard","has-post-thumbnail","","category-dunya1","category-haberler-arap-uluslararasi-politika","category-son-haberler"],"_links":{"self":[{"href":"https:\/\/archive.sana.sy\/tr\/index.php?rest_route=\/wp\/v2\/posts\/293333","targetHints":{"allow":["GET"]}}],"collection":[{"href":"https:\/\/archive.sana.sy\/tr\/index.php?rest_route=\/wp\/v2\/posts"}],"about":[{"href":"https:\/\/archive.sana.sy\/tr\/index.php?rest_route=\/wp\/v2\/types\/post"}],"author":[{"embeddable":true,"href":"https:\/\/archive.sana.sy\/tr\/index.php?rest_route=\/wp\/v2\/users\/39"}],"replies":[{"embeddable":true,"href":"https:\/\/archive.sana.sy\/tr\/index.php?rest_route=%2Fwp%2Fv2%2Fcomments&post=293333"}],"version-history":[{"count":3,"href":"https:\/\/archive.sana.sy\/tr\/index.php?rest_route=\/wp\/v2\/posts\/293333\/revisions"}],"predecessor-version":[{"id":293341,"href":"https:\/\/archive.sana.sy\/tr\/index.php?rest_route=\/wp\/v2\/posts\/293333\/revisions\/293341"}],"wp:featuredmedia":[{"embeddable":true,"href":"https:\/\/archive.sana.sy\/tr\/index.php?rest_route=\/wp\/v2\/media\/293334"}],"wp:attachment":[{"href":"https:\/\/archive.sana.sy\/tr\/index.php?rest_route=%2Fwp%2Fv2%2Fmedia&parent=293333"}],"wp:term":[{"taxonomy":"category","embeddable":true,"href":"https:\/\/archive.sana.sy\/tr\/index.php?rest_route=%2Fwp%2Fv2%2Fcategories&post=293333"},{"taxonomy":"post_tag","embeddable":true,"href":"https:\/\/archive.sana.sy\/tr\/index.php?rest_route=%2Fwp%2Fv2%2Ftags&post=293333"}],"curies":[{"name":"wp","href":"https:\/\/api.w.org\/{rel}","templated":true}]}}