{"id":293347,"date":"2023-12-12T13:20:02","date_gmt":"2023-12-12T10:20:02","guid":{"rendered":"https:\/\/sana.sy\/tr\/?p=293347"},"modified":"2023-12-13T08:34:08","modified_gmt":"2023-12-13T05:34:08","slug":"eski-bir-ukraynali-yetkili-ukrayna-gucleri-on-cepheye-dayanamayacak","status":"publish","type":"post","link":"https:\/\/archive.sana.sy\/tr\/?p=293347","title":{"rendered":"Eski Bir Ukraynal\u0131 Yetkili: Ukrayna G\u00fc\u00e7leri \u00d6n Cepheye Dayanamayacak"},"content":{"rendered":"<p style=\"text-align: justify;\"><strong>K\u0130EV 12 ARALIK (SANA)<\/strong> &#8211; Eski Ukrayna Devlet Ba\u015fkan\u0131 Leonid Kuchma&#8217;n\u0131n eski dan\u0131\u015fmanlar\u0131ndan Oleg Soskin, Ukrayna silahl\u0131 kuvvetlerinin f\u00fcze ve silah eksikli\u011fi nedeniyle \u00f6n cepheyi koruyamad\u0131\u011f\u0131n\u0131 s\u00f6yledi.<\/p>\n<p style=\"text-align: justify;\">Soskin YouTube kanal\u0131nda, \u201cHer g\u00fcn ger\u00e7ekle\u015fen topyek\u00fcn sald\u0131r\u0131larda silahlar\u0131m\u0131z ve f\u00fczelerimiz t\u00fckeniyor\u2019\u2019 dedi.<\/p>\n<p style=\"text-align: justify;\">Ukrayna Kara Kuvvetleri komutan\u0131 Alexander Sersky, \u00a0zaten para biriktirmemiz gerekti\u011fini s\u00f6yleyerek, \u2018\u2019\u00d6n saflarda duracak hi\u00e7bir \u015fey kalmad\u0131\u201d ifadelerini kulland\u0131.<\/p>\n<p style=\"text-align: justify;\">Sersky ayr\u0131ca, m\u00fchimmat eksikli\u011finin sadece Ukrayna kara kuvvetlerini de\u011fil, f\u00fcze eksikli\u011fi nedeniyle hedefleri koruyamayacak olan hava savunma sistemlerini de etkiledi\u011fine dikkat \u00e7ekti.<\/p>\n<p style=\"text-align: center;\"><strong><a href=\"https:\/\/t.me\/SuriyeArapHaberAjansI\">Telegram Kanal\u0131m\u0131z\u00a0<\/a>||<a href=\"https:\/\/twitter.com\/arap_ajans\">X Platformumuz\u00a0<\/a>||<a href=\"https:\/\/www.facebook.com\/SANAHaberAjansi\/\">Facebook Sayfam\u0131z<\/a><\/strong><\/p>\n","protected":false},"excerpt":{"rendered":"<p>K\u0130EV 12 ARALIK (SANA) &#8211; Eski Ukrayna Devlet Ba\u015fkan\u0131 Leonid Kuchma&#8217;n\u0131n eski dan\u0131\u015fmanlar\u0131ndan Oleg Soskin, Ukrayna silahl\u0131 kuvvetlerinin f\u00fcze ve silah eksikli\u011fi nedeniyle \u00f6n cepheyi koruyamad\u0131\u011f\u0131n\u0131 s\u00f6yledi. Soskin YouTube kanal\u0131nda, \u201cHer g\u00fcn ger\u00e7ekle\u015fen topyek\u00fcn sald\u0131r\u0131larda silahlar\u0131m\u0131z ve f\u00fczelerimiz t\u00fckeniyor\u2019\u2019 dedi. Ukrayna Kara Kuvvetleri komutan\u0131 Alexander Sersky, \u00a0zaten para biriktirmemiz gerekti\u011fini s\u00f6yleyerek, \u2018\u2019\u00d6n saflarda duracak hi\u00e7bir &hellip;<\/p>\n","protected":false},"author":41,"featured_media":293348,"comment_status":"closed","ping_status":"closed","sticky":false,"template":"","format":"standard","meta":{"footnotes":""},"categories":[458,459,17988],"tags":[40554],"class_list":["post-293347","post","type-post","status-publish","format-standard","has-post-thumbnail","","category-dunya1","category-haberler-arap-uluslararasi-politika","category-son-haberler","tag-eski-bir-ukraynali-yetkili-ukrayna-gucleri-on-cepheye-dayanamayacak"],"_links":{"self":[{"href":"https:\/\/archive.sana.sy\/tr\/index.php?rest_route=\/wp\/v2\/posts\/293347","targetHints":{"allow":["GET"]}}],"collection":[{"href":"https:\/\/archive.sana.sy\/tr\/index.php?rest_route=\/wp\/v2\/posts"}],"about":[{"href":"https:\/\/archive.sana.sy\/tr\/index.php?rest_route=\/wp\/v2\/types\/post"}],"author":[{"embeddable":true,"href":"https:\/\/archive.sana.sy\/tr\/index.php?rest_route=\/wp\/v2\/users\/41"}],"replies":[{"embeddable":true,"href":"https:\/\/archive.sana.sy\/tr\/index.php?rest_route=%2Fwp%2Fv2%2Fcomments&post=293347"}],"version-history":[{"count":1,"href":"https:\/\/archive.sana.sy\/tr\/index.php?rest_route=\/wp\/v2\/posts\/293347\/revisions"}],"predecessor-version":[{"id":293349,"href":"https:\/\/archive.sana.sy\/tr\/index.php?rest_route=\/wp\/v2\/posts\/293347\/revisions\/293349"}],"wp:featuredmedia":[{"embeddable":true,"href":"https:\/\/archive.sana.sy\/tr\/index.php?rest_route=\/wp\/v2\/media\/293348"}],"wp:attachment":[{"href":"https:\/\/archive.sana.sy\/tr\/index.php?rest_route=%2Fwp%2Fv2%2Fmedia&parent=293347"}],"wp:term":[{"taxonomy":"category","embeddable":true,"href":"https:\/\/archive.sana.sy\/tr\/index.php?rest_route=%2Fwp%2Fv2%2Fcategories&post=293347"},{"taxonomy":"post_tag","embeddable":true,"href":"https:\/\/archive.sana.sy\/tr\/index.php?rest_route=%2Fwp%2Fv2%2Ftags&post=293347"}],"curies":[{"name":"wp","href":"https:\/\/api.w.org\/{rel}","templated":true}]}}