{"id":293489,"date":"2023-12-14T18:27:52","date_gmt":"2023-12-14T15:27:52","guid":{"rendered":"https:\/\/sana.sy\/tr\/?p=293489"},"modified":"2023-12-16T08:45:17","modified_gmt":"2023-12-16T05:45:17","slug":"deyrezzor-kirsalinda-isid-teroristlerinin-biraktigi-mayinin-patlamasi-sonucu-bir-vatandas-sehit-dustu","status":"publish","type":"post","link":"https:\/\/archive.sana.sy\/tr\/?p=293489","title":{"rendered":"Deyrezzor K\u0131rsal\u0131nda I\u015e\u0130D Ter\u00f6ristlerinin B\u0131rakt\u0131\u011f\u0131 May\u0131n\u0131n Patlamas\u0131 Sonucu Bir Vatanda\u015f \u015eehit D\u00fc\u015ft\u00fc"},"content":{"rendered":"<p style=\"text-align: justify;\"><strong>DEYREZZOR 14 ARALIK (SANA)<\/strong> &#8211; Deyrezzor&#8217;un do\u011fu k\u0131rsal\u0131ndaki El Mariye k\u00f6y\u00fcnde I\u015e\u0130D ter\u00f6ristlerinin b\u0131rakt\u0131\u011f\u0131 may\u0131n\u0131n patlamas\u0131 sonucu bir vatanda\u015f \u015fehit d\u00fc\u015ft\u00fc.<\/p>\n<p style=\"text-align: justify;\">Esad Hastanesi Genel M\u00fcd\u00fcr\u00fc Dr. Mamun Hiza, SANA muhabirine verdi\u011fi deme\u00e7te, &#8221; Durumu kritik olan 15 ya\u015f\u0131ndaki gen\u00e7, g\u00f6\u011fs\u00fcnden ve karn\u0131ndan a\u011f\u0131r yaralar alarak k\u0131sa s\u00fcre sonra hayat\u0131n\u0131 kaybetti&#8221; dedi.<\/p>\n<p style=\"text-align: justify;\">Ter\u00f6r \u00f6rg\u00fctleri, ter\u00f6rden ar\u0131nd\u0131r\u0131lm\u0131\u015f b\u00f6lgelerine d\u00f6nen sivillere m\u00fcmk\u00fcn olan en b\u00fcy\u00fck zarar\u0131 vermek veya onlar\u0131 korkutup geri d\u00f6nmelerini engellemek kast\u0131yla, yenilgiye u\u011frat\u0131lmadan \u00f6nce konu\u015fland\u0131klar\u0131 alanlara, evlerin aras\u0131na, yollara, tar\u0131m arazilerine may\u0131n ve patlay\u0131c\u0131 yerle\u015ftirdi.<\/p>\n<p><strong><a href=\"https:\/\/t.me\/SuriyeArapHaberAjansI\">Telegram Kanal\u0131m\u0131z\u00a0<\/a>||<a href=\"https:\/\/twitter.com\/arap_ajans\">X Platformumuz\u00a0<\/a>||<a href=\"https:\/\/www.facebook.com\/SANAHaberAjansi\/\">Facebook Sayfam\u0131z<\/a><\/strong><\/p>\n<p style=\"text-align: justify;\">\n","protected":false},"excerpt":{"rendered":"<p>DEYREZZOR 14 ARALIK (SANA) &#8211; Deyrezzor&#8217;un do\u011fu k\u0131rsal\u0131ndaki El Mariye k\u00f6y\u00fcnde I\u015e\u0130D ter\u00f6ristlerinin b\u0131rakt\u0131\u011f\u0131 may\u0131n\u0131n patlamas\u0131 sonucu bir vatanda\u015f \u015fehit d\u00fc\u015ft\u00fc. Esad Hastanesi Genel M\u00fcd\u00fcr\u00fc Dr. Mamun Hiza, SANA muhabirine verdi\u011fi deme\u00e7te, &#8221; Durumu kritik olan 15 ya\u015f\u0131ndaki gen\u00e7, g\u00f6\u011fs\u00fcnden ve karn\u0131ndan a\u011f\u0131r yaralar alarak k\u0131sa s\u00fcre sonra hayat\u0131n\u0131 kaybetti&#8221; dedi. Ter\u00f6r \u00f6rg\u00fctleri, ter\u00f6rden ar\u0131nd\u0131r\u0131lm\u0131\u015f &hellip;<\/p>\n","protected":false},"author":1,"featured_media":293490,"comment_status":"closed","ping_status":"closed","sticky":false,"template":"","format":"standard","meta":{"footnotes":""},"categories":[479,575,17988,478],"tags":[],"class_list":["post-293489","post","type-post","status-publish","format-standard","has-post-thumbnail","","category-haberler-yerel","category-olaylar-ve-gercekler","category-son-haberler","category-yerel"],"_links":{"self":[{"href":"https:\/\/archive.sana.sy\/tr\/index.php?rest_route=\/wp\/v2\/posts\/293489","targetHints":{"allow":["GET"]}}],"collection":[{"href":"https:\/\/archive.sana.sy\/tr\/index.php?rest_route=\/wp\/v2\/posts"}],"about":[{"href":"https:\/\/archive.sana.sy\/tr\/index.php?rest_route=\/wp\/v2\/types\/post"}],"author":[{"embeddable":true,"href":"https:\/\/archive.sana.sy\/tr\/index.php?rest_route=\/wp\/v2\/users\/1"}],"replies":[{"embeddable":true,"href":"https:\/\/archive.sana.sy\/tr\/index.php?rest_route=%2Fwp%2Fv2%2Fcomments&post=293489"}],"version-history":[{"count":2,"href":"https:\/\/archive.sana.sy\/tr\/index.php?rest_route=\/wp\/v2\/posts\/293489\/revisions"}],"predecessor-version":[{"id":293534,"href":"https:\/\/archive.sana.sy\/tr\/index.php?rest_route=\/wp\/v2\/posts\/293489\/revisions\/293534"}],"wp:featuredmedia":[{"embeddable":true,"href":"https:\/\/archive.sana.sy\/tr\/index.php?rest_route=\/wp\/v2\/media\/293490"}],"wp:attachment":[{"href":"https:\/\/archive.sana.sy\/tr\/index.php?rest_route=%2Fwp%2Fv2%2Fmedia&parent=293489"}],"wp:term":[{"taxonomy":"category","embeddable":true,"href":"https:\/\/archive.sana.sy\/tr\/index.php?rest_route=%2Fwp%2Fv2%2Fcategories&post=293489"},{"taxonomy":"post_tag","embeddable":true,"href":"https:\/\/archive.sana.sy\/tr\/index.php?rest_route=%2Fwp%2Fv2%2Ftags&post=293489"}],"curies":[{"name":"wp","href":"https:\/\/api.w.org\/{rel}","templated":true}]}}