{"id":293493,"date":"2023-12-15T09:34:40","date_gmt":"2023-12-15T06:34:40","guid":{"rendered":"https:\/\/sana.sy\/tr\/?p=293493"},"modified":"2023-12-16T08:45:33","modified_gmt":"2023-12-16T05:45:33","slug":"irak-direnisi-ayn-el-esad-ussundeki-amerikan-isgalini-hedef-aldi","status":"publish","type":"post","link":"https:\/\/archive.sana.sy\/tr\/?p=293493","title":{"rendered":"Irak Direni\u015fi Ayn El Esad \u00dcss\u00fcndeki Amerikan \u0130\u015fgalini Hedef Ald\u0131"},"content":{"rendered":"<p style=\"text-align: justify;\"><strong>BA\u011eDAT 15 ARALIK (SANA)<\/strong> -Irak direni\u015fi, \u00fclkenin bat\u0131s\u0131ndaki Anbar Valili\u011fi&#8217;ndeki Ayn el Esad \u00fcss\u00fcnde Amerikan i\u015fgalini insans\u0131z hava ara\u00e7lar\u0131yla hedef alarak, buray\u0131 do\u011frudan vurdu.<\/p>\n<p style=\"text-align: justify;\">Direni\u015f bug\u00fcn yapt\u0131\u011f\u0131 a\u00e7\u0131klamada, &#8220;Direni\u015f sava\u015f\u00e7\u0131lar\u0131 bat\u0131 Irak&#8217;taki Ayn el Esad&#8217;daki Amerikan i\u015fgal \u00fcss\u00fcn\u00fc insans\u0131z hava ara\u00e7lar\u0131yla hedef ald\u0131 ve hedeflerini do\u011frudan vurdu&#8221; dedi.<\/p>\n<p style=\"text-align: center;\"><strong><a href=\"https:\/\/t.me\/SuriyeArapHaberAjansI\">Telegram Kanal\u0131m\u0131z\u00a0<\/a>||<a href=\"https:\/\/twitter.com\/arap_ajans\">X Platformumuz\u00a0<\/a>||<a href=\"https:\/\/www.facebook.com\/SANAHaberAjansi\/\">Facebook Sayfam\u0131z<\/a><\/strong><\/p>\n","protected":false},"excerpt":{"rendered":"<p>BA\u011eDAT 15 ARALIK (SANA) -Irak direni\u015fi, \u00fclkenin bat\u0131s\u0131ndaki Anbar Valili\u011fi&#8217;ndeki Ayn el Esad \u00fcss\u00fcnde Amerikan i\u015fgalini insans\u0131z hava ara\u00e7lar\u0131yla hedef alarak, buray\u0131 do\u011frudan vurdu. Direni\u015f bug\u00fcn yapt\u0131\u011f\u0131 a\u00e7\u0131klamada, &#8220;Direni\u015f sava\u015f\u00e7\u0131lar\u0131 bat\u0131 Irak&#8217;taki Ayn el Esad&#8217;daki Amerikan i\u015fgal \u00fcss\u00fcn\u00fc insans\u0131z hava ara\u00e7lar\u0131yla hedef ald\u0131 ve hedeflerini do\u011frudan vurdu&#8221; dedi. Telegram Kanal\u0131m\u0131z\u00a0||X Platformumuz\u00a0||Facebook Sayfam\u0131z<\/p>\n","protected":false},"author":36,"featured_media":293494,"comment_status":"closed","ping_status":"closed","sticky":false,"template":"","format":"standard","meta":{"footnotes":""},"categories":[458,459,17988],"tags":[],"class_list":["post-293493","post","type-post","status-publish","format-standard","has-post-thumbnail","","category-dunya1","category-haberler-arap-uluslararasi-politika","category-son-haberler"],"_links":{"self":[{"href":"https:\/\/archive.sana.sy\/tr\/index.php?rest_route=\/wp\/v2\/posts\/293493","targetHints":{"allow":["GET"]}}],"collection":[{"href":"https:\/\/archive.sana.sy\/tr\/index.php?rest_route=\/wp\/v2\/posts"}],"about":[{"href":"https:\/\/archive.sana.sy\/tr\/index.php?rest_route=\/wp\/v2\/types\/post"}],"author":[{"embeddable":true,"href":"https:\/\/archive.sana.sy\/tr\/index.php?rest_route=\/wp\/v2\/users\/36"}],"replies":[{"embeddable":true,"href":"https:\/\/archive.sana.sy\/tr\/index.php?rest_route=%2Fwp%2Fv2%2Fcomments&post=293493"}],"version-history":[{"count":2,"href":"https:\/\/archive.sana.sy\/tr\/index.php?rest_route=\/wp\/v2\/posts\/293493\/revisions"}],"predecessor-version":[{"id":293505,"href":"https:\/\/archive.sana.sy\/tr\/index.php?rest_route=\/wp\/v2\/posts\/293493\/revisions\/293505"}],"wp:featuredmedia":[{"embeddable":true,"href":"https:\/\/archive.sana.sy\/tr\/index.php?rest_route=\/wp\/v2\/media\/293494"}],"wp:attachment":[{"href":"https:\/\/archive.sana.sy\/tr\/index.php?rest_route=%2Fwp%2Fv2%2Fmedia&parent=293493"}],"wp:term":[{"taxonomy":"category","embeddable":true,"href":"https:\/\/archive.sana.sy\/tr\/index.php?rest_route=%2Fwp%2Fv2%2Fcategories&post=293493"},{"taxonomy":"post_tag","embeddable":true,"href":"https:\/\/archive.sana.sy\/tr\/index.php?rest_route=%2Fwp%2Fv2%2Ftags&post=293493"}],"curies":[{"name":"wp","href":"https:\/\/api.w.org\/{rel}","templated":true}]}}