{"id":293509,"date":"2023-12-15T08:44:39","date_gmt":"2023-12-15T05:44:39","guid":{"rendered":"https:\/\/sana.sy\/tr\/?p=293509"},"modified":"2023-12-16T08:45:31","modified_gmt":"2023-12-16T05:45:31","slug":"slovakyada-suriye-fahri-konsoloslugu-acildi","status":"publish","type":"post","link":"https:\/\/archive.sana.sy\/tr\/?p=293509","title":{"rendered":"Slovakya&#8217;da Suriye Fahri Konsoloslu\u011fu A\u00e7\u0131ld\u0131"},"content":{"rendered":"<p><strong>BRAT\u0130SLAVA 15 ARALIK (SANA)<\/strong> &#8211; Bug\u00fcn Slovakya&#8217;n\u0131n ba\u015fkenti Bratislava&#8217;da Suriye&#8217;nin Birle\u015fmi\u015f Milletler Ofisi ve Viyana&#8217;daki di\u011fer uluslararas\u0131 kurulu\u015flar nezdindeki Daimi Temsilcisi B\u00fcy\u00fckel\u00e7i Dr. Hassan Haddur, Suriye&#8217;nin Avusturya B\u00fcy\u00fckel\u00e7isi ve Suriye&#8217;nin Slovakya Fahri Konsolosu \u0130brahim El Ali&#8217;nin huzurunda Suriye Arap Cumhuriyeti Fahri Konsoloslu\u011fu a\u00e7\u0131ld\u0131.<\/p>\n<p>A\u00e7\u0131l\u0131\u015f t\u00f6renine Slovakya Ekonomi Bakan Yard\u0131mc\u0131s\u0131 Vladimir \u0160imona, Orta Do\u011fu Departman\u0131 Direkt\u00f6r\u00fc Valer Franco, Slovakya Fahri Konsoloslar\u0131 Dekan\u0131 Ikor Jonas, Libya&#8217;n\u0131n Slovakya B\u00fcy\u00fckel\u00e7isi Halid \u015eaban, \u00a0\u00a0Filistin B\u00fcy\u00fckel\u00e7isi Safa Halidi ve Slovakya&#8217;daki Suriye toplumunun baz\u0131 \u00fcyeleri kat\u0131ld\u0131.<\/p>\n<div id='gallery-1' class='gallery galleryid-293509 gallery-columns-2 gallery-size-medium'><figure class='gallery-item'>\n\t\t\t<div class='gallery-icon landscape'>\n\t\t\t\t<a href='https:\/\/archive.sana.sy\/tr\/?attachment_id=293511'><img loading=\"lazy\" decoding=\"async\" width=\"300\" height=\"217\" src=\"https:\/\/archive.sana.sy\/tr\/wp-content\/uploads\/2023\/12\/photo_2023-12-14_22-11-30-300x217.jpg\" class=\"attachment-medium size-medium\" alt=\"\" srcset=\"https:\/\/archive.sana.sy\/tr\/wp-content\/uploads\/2023\/12\/photo_2023-12-14_22-11-30-300x217.jpg 300w, https:\/\/archive.sana.sy\/tr\/wp-content\/uploads\/2023\/12\/photo_2023-12-14_22-11-30.jpg 660w\" sizes=\"auto, (max-width: 300px) 100vw, 300px\" \/><\/a>\n\t\t\t<\/div><\/figure><figure class='gallery-item'>\n\t\t\t<div class='gallery-icon landscape'>\n\t\t\t\t<a href='https:\/\/archive.sana.sy\/tr\/?attachment_id=293512'><img loading=\"lazy\" decoding=\"async\" width=\"300\" height=\"185\" src=\"https:\/\/archive.sana.sy\/tr\/wp-content\/uploads\/2023\/12\/photo_2023-12-14_22-11-32-300x185.jpg\" class=\"attachment-medium size-medium\" alt=\"\" srcset=\"https:\/\/archive.sana.sy\/tr\/wp-content\/uploads\/2023\/12\/photo_2023-12-14_22-11-32-300x185.jpg 300w, https:\/\/archive.sana.sy\/tr\/wp-content\/uploads\/2023\/12\/photo_2023-12-14_22-11-32.jpg 660w\" sizes=\"auto, (max-width: 300px) 100vw, 300px\" \/><\/a>\n\t\t\t<\/div><\/figure><figure class='gallery-item'>\n\t\t\t<div class='gallery-icon landscape'>\n\t\t\t\t<a href='https:\/\/archive.sana.sy\/tr\/?attachment_id=293513'><img loading=\"lazy\" decoding=\"async\" width=\"300\" height=\"166\" src=\"https:\/\/archive.sana.sy\/tr\/wp-content\/uploads\/2023\/12\/photo_2023-12-14_22-41-57-300x166.jpg\" class=\"attachment-medium size-medium\" alt=\"\" srcset=\"https:\/\/archive.sana.sy\/tr\/wp-content\/uploads\/2023\/12\/photo_2023-12-14_22-41-57-300x166.jpg 300w, https:\/\/archive.sana.sy\/tr\/wp-content\/uploads\/2023\/12\/photo_2023-12-14_22-41-57.jpg 660w\" sizes=\"auto, (max-width: 300px) 100vw, 300px\" \/><\/a>\n\t\t\t<\/div><\/figure><figure class='gallery-item'>\n\t\t\t<div class='gallery-icon landscape'>\n\t\t\t\t<a href='https:\/\/archive.sana.sy\/tr\/?attachment_id=293514'><img loading=\"lazy\" decoding=\"async\" width=\"300\" height=\"167\" src=\"https:\/\/archive.sana.sy\/tr\/wp-content\/uploads\/2023\/12\/photo_2023-12-14_22-42-03-300x167.jpg\" class=\"attachment-medium size-medium\" alt=\"\" srcset=\"https:\/\/archive.sana.sy\/tr\/wp-content\/uploads\/2023\/12\/photo_2023-12-14_22-42-03-300x167.jpg 300w, https:\/\/archive.sana.sy\/tr\/wp-content\/uploads\/2023\/12\/photo_2023-12-14_22-42-03.jpg 660w\" sizes=\"auto, (max-width: 300px) 100vw, 300px\" \/><\/a>\n\t\t\t<\/div><\/figure>\n\t\t<\/div>\n\n<p style=\"text-align: center;\"><strong><a href=\"https:\/\/t.me\/SuriyeArapHaberAjansI\">Telegram Kanal\u0131m\u0131z\u00a0<\/a>||<a href=\"https:\/\/twitter.com\/arap_ajans\">X Platformumuz\u00a0<\/a>||<a href=\"https:\/\/www.facebook.com\/SANAHaberAjansi\/\">Facebook Sayfam\u0131z<\/a><\/strong><\/p>\n","protected":false},"excerpt":{"rendered":"<p>BRAT\u0130SLAVA 15 ARALIK (SANA) &#8211; Bug\u00fcn Slovakya&#8217;n\u0131n ba\u015fkenti Bratislava&#8217;da Suriye&#8217;nin Birle\u015fmi\u015f Milletler Ofisi ve Viyana&#8217;daki di\u011fer uluslararas\u0131 kurulu\u015flar nezdindeki Daimi Temsilcisi B\u00fcy\u00fckel\u00e7i Dr. Hassan Haddur, Suriye&#8217;nin Avusturya B\u00fcy\u00fckel\u00e7isi ve Suriye&#8217;nin Slovakya Fahri Konsolosu \u0130brahim El Ali&#8217;nin huzurunda Suriye Arap Cumhuriyeti Fahri Konsoloslu\u011fu a\u00e7\u0131ld\u0131. A\u00e7\u0131l\u0131\u015f t\u00f6renine Slovakya Ekonomi Bakan Yard\u0131mc\u0131s\u0131 Vladimir \u0160imona, Orta Do\u011fu Departman\u0131 Direkt\u00f6r\u00fc &hellip;<\/p>\n","protected":false},"author":41,"featured_media":293510,"comment_status":"closed","ping_status":"closed","sticky":false,"template":"","format":"standard","meta":{"footnotes":""},"categories":[458,459,17988],"tags":[40572],"class_list":["post-293509","post","type-post","status-publish","format-standard","has-post-thumbnail","","category-dunya1","category-haberler-arap-uluslararasi-politika","category-son-haberler","tag-slovakyada-suriye-fahri-konsoloslugu-acildi"],"_links":{"self":[{"href":"https:\/\/archive.sana.sy\/tr\/index.php?rest_route=\/wp\/v2\/posts\/293509","targetHints":{"allow":["GET"]}}],"collection":[{"href":"https:\/\/archive.sana.sy\/tr\/index.php?rest_route=\/wp\/v2\/posts"}],"about":[{"href":"https:\/\/archive.sana.sy\/tr\/index.php?rest_route=\/wp\/v2\/types\/post"}],"author":[{"embeddable":true,"href":"https:\/\/archive.sana.sy\/tr\/index.php?rest_route=\/wp\/v2\/users\/41"}],"replies":[{"embeddable":true,"href":"https:\/\/archive.sana.sy\/tr\/index.php?rest_route=%2Fwp%2Fv2%2Fcomments&post=293509"}],"version-history":[{"count":2,"href":"https:\/\/archive.sana.sy\/tr\/index.php?rest_route=\/wp\/v2\/posts\/293509\/revisions"}],"predecessor-version":[{"id":293523,"href":"https:\/\/archive.sana.sy\/tr\/index.php?rest_route=\/wp\/v2\/posts\/293509\/revisions\/293523"}],"wp:featuredmedia":[{"embeddable":true,"href":"https:\/\/archive.sana.sy\/tr\/index.php?rest_route=\/wp\/v2\/media\/293510"}],"wp:attachment":[{"href":"https:\/\/archive.sana.sy\/tr\/index.php?rest_route=%2Fwp%2Fv2%2Fmedia&parent=293509"}],"wp:term":[{"taxonomy":"category","embeddable":true,"href":"https:\/\/archive.sana.sy\/tr\/index.php?rest_route=%2Fwp%2Fv2%2Fcategories&post=293509"},{"taxonomy":"post_tag","embeddable":true,"href":"https:\/\/archive.sana.sy\/tr\/index.php?rest_route=%2Fwp%2Fv2%2Ftags&post=293509"}],"curies":[{"name":"wp","href":"https:\/\/api.w.org\/{rel}","templated":true}]}}