{"id":29351,"date":"2015-04-12T13:58:27","date_gmt":"2015-04-12T10:58:27","guid":{"rendered":"http:\/\/www.sana.sy\/tr\/?p=29351"},"modified":"2015-04-12T13:58:27","modified_gmt":"2015-04-12T10:58:27","slug":"izzettin-suriye-hukumetinin-tam-bir-isbirligi-icinde-olacagina-inaniyorum","status":"publish","type":"post","link":"https:\/\/archive.sana.sy\/tr\/?p=29351","title":{"rendered":"\u0130zzettin: Suriye H\u00fck\u00fcmetinin tam Bir \u0130\u015fbirli\u011fi \u0130\u00e7inde Olaca\u011f\u0131na \u0130nan\u0131yorum"},"content":{"rendered":"<p>\u015eAM Birle\u015fmi\u015f Milletlerin Suriye \u00f6zel temsilcisinin yard\u0131mc\u0131s\u0131 Remzi \u0130zzettin; ba\u015fkentin g\u00fcneyinde I\u015e\u0130D\u2019in ele ge\u00e7irmeye \u00e7al\u0131\u015ft\u0131\u011f\u0131 Yerm\u00fck B\u00f6lgesinde t\u00fcm Filistinliler ve Suriyelilerin g\u00fcvenli\u011fini korumak i\u00e7in BM\u2019nin Suriye h\u00fck\u00fcmeti ile ortak \u00e7al\u0131\u015fmalarda bulunaca\u011f\u0131n\u0131 belirtti.<\/p>\n<p>Reuters Ajans\u0131n\u0131n aktard\u0131\u011f\u0131 a\u00e7\u0131klamalar\u0131nda \u0130zzettin; Suriye h\u00fck\u00fcmetinin, Yerm\u00fck ahalisinin ya\u015fad\u0131klar\u0131 zorluklar\u0131n hafifletilmesi amac\u0131yla i\u015fbirli\u011fi i\u00e7inde olaca\u011f\u0131na kesinlikle inand\u0131\u011f\u0131n\u0131 s\u00f6yledi.<\/p>\n<p>\u0130zzettin d\u00fcn D\u0131\u015fi\u015fleri ve Gurbet\u00e7iler Bakan\u0131 Yard\u0131mc\u0131s\u0131 Faysal Mikdat ile temaslarda bulundu\u011funa i\u015faret ederken; temaslar\u0131nda iki taraf aras\u0131nda olduk\u00e7a g\u00fczel ve s\u0131k\u0131 bir i\u015fbirli\u011fi olaca\u011f\u0131na tam olarak g\u00fcvendi\u011fini s\u00f6yledi.<\/p>\n<p>A.A.<\/p>\n","protected":false},"excerpt":{"rendered":"<p>\u015eAM Birle\u015fmi\u015f Milletlerin Suriye \u00f6zel temsilcisinin yard\u0131mc\u0131s\u0131 Remzi \u0130zzettin; ba\u015fkentin g\u00fcneyinde I\u015e\u0130D\u2019in ele ge\u00e7irmeye \u00e7al\u0131\u015ft\u0131\u011f\u0131 Yerm\u00fck B\u00f6lgesinde t\u00fcm Filistinliler ve Suriyelilerin g\u00fcvenli\u011fini korumak i\u00e7in BM\u2019nin Suriye h\u00fck\u00fcmeti ile ortak \u00e7al\u0131\u015fmalarda bulunaca\u011f\u0131n\u0131 belirtti. Reuters Ajans\u0131n\u0131n aktard\u0131\u011f\u0131 a\u00e7\u0131klamalar\u0131nda \u0130zzettin; Suriye h\u00fck\u00fcmetinin, Yerm\u00fck ahalisinin ya\u015fad\u0131klar\u0131 zorluklar\u0131n hafifletilmesi amac\u0131yla i\u015fbirli\u011fi i\u00e7inde olaca\u011f\u0131na kesinlikle inand\u0131\u011f\u0131n\u0131 s\u00f6yledi. \u0130zzettin d\u00fcn D\u0131\u015fi\u015fleri ve &hellip;<\/p>\n","protected":false},"author":1,"featured_media":29352,"comment_status":"closed","ping_status":"closed","sticky":false,"template":"","format":"standard","meta":{"footnotes":""},"categories":[479,447,478],"tags":[13554],"class_list":["post-29351","post","type-post","status-publish","format-standard","has-post-thumbnail","","category-haberler-yerel","category-politika","category-yerel","tag-sam-birlesmis-milletlerin-suriye-ozel-temsilcisinin-yardimcisi-remzi-izzettin-baskentin-guneyinde-isidin-ele-gecirmeye-calistigi-yermuk-bolgesinde-tum-filistinliler-ve-suriyelilerin-guvenlig"],"_links":{"self":[{"href":"https:\/\/archive.sana.sy\/tr\/index.php?rest_route=\/wp\/v2\/posts\/29351","targetHints":{"allow":["GET"]}}],"collection":[{"href":"https:\/\/archive.sana.sy\/tr\/index.php?rest_route=\/wp\/v2\/posts"}],"about":[{"href":"https:\/\/archive.sana.sy\/tr\/index.php?rest_route=\/wp\/v2\/types\/post"}],"author":[{"embeddable":true,"href":"https:\/\/archive.sana.sy\/tr\/index.php?rest_route=\/wp\/v2\/users\/1"}],"replies":[{"embeddable":true,"href":"https:\/\/archive.sana.sy\/tr\/index.php?rest_route=%2Fwp%2Fv2%2Fcomments&post=29351"}],"version-history":[{"count":0,"href":"https:\/\/archive.sana.sy\/tr\/index.php?rest_route=\/wp\/v2\/posts\/29351\/revisions"}],"wp:featuredmedia":[{"embeddable":true,"href":"https:\/\/archive.sana.sy\/tr\/index.php?rest_route=\/wp\/v2\/media\/29352"}],"wp:attachment":[{"href":"https:\/\/archive.sana.sy\/tr\/index.php?rest_route=%2Fwp%2Fv2%2Fmedia&parent=29351"}],"wp:term":[{"taxonomy":"category","embeddable":true,"href":"https:\/\/archive.sana.sy\/tr\/index.php?rest_route=%2Fwp%2Fv2%2Fcategories&post=29351"},{"taxonomy":"post_tag","embeddable":true,"href":"https:\/\/archive.sana.sy\/tr\/index.php?rest_route=%2Fwp%2Fv2%2Ftags&post=29351"}],"curies":[{"name":"wp","href":"https:\/\/api.w.org\/{rel}","templated":true}]}}