{"id":293540,"date":"2023-12-16T12:13:50","date_gmt":"2023-12-16T09:13:50","guid":{"rendered":"https:\/\/sana.sy\/tr\/?p=293540"},"modified":"2023-12-18T08:18:19","modified_gmt":"2023-12-18T05:18:19","slug":"ordu-kontrol-noktasi-haseke-kirsalindaki-amerikan-isgali-ve-dsg-milislerinin-ortak-konvoyunu-sinir-disi-etti","status":"publish","type":"post","link":"https:\/\/archive.sana.sy\/tr\/?p=293540","title":{"rendered":"Ordu Kontrol Noktas\u0131, Haseke K\u0131rsal\u0131ndaki Amerikan \u0130\u015fgali ve DSG Milislerinin Ortak Konvoyunu S\u0131n\u0131r D\u0131\u015f\u0131 Etti"},"content":{"rendered":"<p style=\"text-align: justify;\"><strong>HASEKE 16 Aral\u0131k 2023 (SANA) \u2013<\/strong>Suriye Arap Ordusu&#8217;nun Tel Tamr k\u0131rsal\u0131ndaki Kubur El Garacine k\u00f6y\u00fcndeki kontrol noktas\u0131, Haseke&#8217;nin kuzeybat\u0131s\u0131ndaki k\u00f6ye girmeye \u00e7al\u0131\u015fan Amerikan i\u015fgali ve ayr\u0131l\u0131k\u00e7\u0131 SDG milislerinin ortak konvoyunu s\u0131n\u0131r d\u0131\u015f\u0131 etti.<\/p>\n<p>\u00d6zel kaynaklar SANA muhabirine, &#8221;Amerikan i\u015fgal g\u00fc\u00e7lerine ait 4 askeri z\u0131rhl\u0131 ara\u00e7 ve ayr\u0131l\u0131k\u00e7\u0131 &#8221;SDG&#8221; milislerine ait 4 \u00e7eker ara\u00e7tan olu\u015fan konvoy k\u00f6ye girmeye \u00e7al\u0131\u015ft\u0131 ancak kontrol noktas\u0131 \u00fcyeleri bunu engelleyerek geri \u00e7ekilmeye ve b\u00f6lgeyi terk etmeye zorlad\u0131&#8221; dedi.<\/p>\n<p style=\"text-align: center;\"><strong><a href=\"https:\/\/t.me\/SuriyeArapHaberAjansI\">Telegram Kanal\u0131m\u0131z\u00a0<\/a>||<a href=\"https:\/\/twitter.com\/arap_ajans\">X Platformumuz\u00a0<\/a>||<a href=\"https:\/\/www.facebook.com\/SANAHaberAjansi\/\">Facebook Sayfam\u0131z<\/a><\/strong><\/p>\n","protected":false},"excerpt":{"rendered":"<p>HASEKE 16 Aral\u0131k 2023 (SANA) \u2013Suriye Arap Ordusu&#8217;nun Tel Tamr k\u0131rsal\u0131ndaki Kubur El Garacine k\u00f6y\u00fcndeki kontrol noktas\u0131, Haseke&#8217;nin kuzeybat\u0131s\u0131ndaki k\u00f6ye girmeye \u00e7al\u0131\u015fan Amerikan i\u015fgali ve ayr\u0131l\u0131k\u00e7\u0131 SDG milislerinin ortak konvoyunu s\u0131n\u0131r d\u0131\u015f\u0131 etti. \u00d6zel kaynaklar SANA muhabirine, &#8221;Amerikan i\u015fgal g\u00fc\u00e7lerine ait 4 askeri z\u0131rhl\u0131 ara\u00e7 ve ayr\u0131l\u0131k\u00e7\u0131 &#8221;SDG&#8221; milislerine ait 4 \u00e7eker ara\u00e7tan olu\u015fan konvoy &hellip;<\/p>\n","protected":false},"author":36,"featured_media":293542,"comment_status":"closed","ping_status":"closed","sticky":false,"template":"","format":"standard","meta":{"footnotes":""},"categories":[479,575,17988,478],"tags":[],"class_list":["post-293540","post","type-post","status-publish","format-standard","has-post-thumbnail","","category-haberler-yerel","category-olaylar-ve-gercekler","category-son-haberler","category-yerel"],"_links":{"self":[{"href":"https:\/\/archive.sana.sy\/tr\/index.php?rest_route=\/wp\/v2\/posts\/293540","targetHints":{"allow":["GET"]}}],"collection":[{"href":"https:\/\/archive.sana.sy\/tr\/index.php?rest_route=\/wp\/v2\/posts"}],"about":[{"href":"https:\/\/archive.sana.sy\/tr\/index.php?rest_route=\/wp\/v2\/types\/post"}],"author":[{"embeddable":true,"href":"https:\/\/archive.sana.sy\/tr\/index.php?rest_route=\/wp\/v2\/users\/36"}],"replies":[{"embeddable":true,"href":"https:\/\/archive.sana.sy\/tr\/index.php?rest_route=%2Fwp%2Fv2%2Fcomments&post=293540"}],"version-history":[{"count":3,"href":"https:\/\/archive.sana.sy\/tr\/index.php?rest_route=\/wp\/v2\/posts\/293540\/revisions"}],"predecessor-version":[{"id":293563,"href":"https:\/\/archive.sana.sy\/tr\/index.php?rest_route=\/wp\/v2\/posts\/293540\/revisions\/293563"}],"wp:featuredmedia":[{"embeddable":true,"href":"https:\/\/archive.sana.sy\/tr\/index.php?rest_route=\/wp\/v2\/media\/293542"}],"wp:attachment":[{"href":"https:\/\/archive.sana.sy\/tr\/index.php?rest_route=%2Fwp%2Fv2%2Fmedia&parent=293540"}],"wp:term":[{"taxonomy":"category","embeddable":true,"href":"https:\/\/archive.sana.sy\/tr\/index.php?rest_route=%2Fwp%2Fv2%2Fcategories&post=293540"},{"taxonomy":"post_tag","embeddable":true,"href":"https:\/\/archive.sana.sy\/tr\/index.php?rest_route=%2Fwp%2Fv2%2Ftags&post=293540"}],"curies":[{"name":"wp","href":"https:\/\/api.w.org\/{rel}","templated":true}]}}