{"id":2936,"date":"2014-06-12T17:27:44","date_gmt":"2014-06-12T14:27:44","guid":{"rendered":"http:\/\/sanasyria.org\/tr\/?p=2936"},"modified":"2014-06-13T14:46:38","modified_gmt":"2014-06-13T11:46:38","slug":"2936","status":"publish","type":"post","link":"https:\/\/archive.sana.sy\/tr\/?p=2936","title":{"rendered":"Selahattin \u0130li Irak G\u00fc\u00e7lerinin Elinde"},"content":{"rendered":"<p><span style=\"color: #800000\">BA\u011eDAT \u2013<\/span> Irak enformasyon kaynaklar\u0131 Irak g\u00fcvenlik g\u00fc\u00e7lerinin bug\u00fcn Selahattin ilini \u2018Irak ve \u015eam \u0130slami Devleti\u2019 adl\u0131 radikal ter\u00f6r \u00f6rg\u00fct\u00fcnden temizleyerek kontrol\u00fc yeniden eline ald\u0131\u011f\u0131n\u0131 aktard\u0131.<\/p>\n<p>Irak Enformasyon \u015eebekesi Irak Ter\u00f6rle M\u00fccadele Biriminden naklen; Irak g\u00fcvenlik g\u00fc\u00e7lerinin Tekrit Kentini yeniden kontrol\u00fcne ge\u00e7irdi\u011fini aktar\u0131rken, Selahattin Valisi Ahmet Cabburi\u2019nin tutukland\u0131\u011f\u0131n\u0131 ifade etti.<\/p>\n<p>Nenova \u0130linin merkezi Musul Kentini tekfirci ter\u00f6ristlerden temizleme operasyonlar\u0131n\u0131n ba\u015far\u0131yla ilerledi\u011fini aktaran kaynak; Irak sava\u015f u\u00e7aklar\u0131n\u0131n ter\u00f6ristlerin karargah ve k\u00fcmelenme yerlerini hedef alarak onlar\u0131 olduk\u00e7a b\u00fcy\u00fck kay\u0131plara u\u011fratt\u0131klar\u0131n\u0131 s\u00f6yledi.<br \/>\nMusul\u2019da t\u00fcm askeri \u00fcslerin Irak g\u00fc\u00e7lerinin kontrol\u00fcnde oldu\u011funu s\u00f6yleyen kaynak; kentte geni\u015f kapsaml\u0131 bir ter\u00f6r temizli\u011fi y\u00fcr\u00fct\u00fcld\u00fc\u011f\u00fcn\u00fc ifade etti.<\/p>\n<p>Bu arada Irak D\u0131\u015fi\u015fleri bakanl\u0131\u011f\u0131 s\u00f6zc\u00fcs\u00fc Tu\u011fgeneral Saad Maen Irak Enformasyon \u015eebekesine a\u00e7\u0131klamalar\u0131nda; tekfirci ter\u00f6ristlerin yay\u0131lmalar\u0131n\u0131n \u00f6nlenmesi amac\u0131yla s\u0131k\u0131 bir plan belirlendi\u011fini ve bu plan \u00e7er\u00e7evesinde operasyonlar\u0131n ba\u015far\u0131yla ilerledi\u011fini s\u00f6yledi.<\/p>\n<p>Bu arada Irak ve \u015eam \u0130slami Devleti ter\u00f6ristleri Musul Kentini ele ge\u00e7irmeleri ard\u0131ndan \u00e7ocuk, kad\u0131n ya\u015fl\u0131 demeden b\u00f6lgede insanl\u0131k d\u0131\u015f\u0131 bir vah\u015fetle masum insanlar\u0131 \u00f6ld\u00fcrd\u00fcler.<\/p>\n","protected":false},"excerpt":{"rendered":"<p>BA\u011eDAT \u2013 Irak enformasyon kaynaklar\u0131 Irak g\u00fcvenlik g\u00fc\u00e7lerinin bug\u00fcn Selahattin ilini \u2018Irak ve \u015eam \u0130slami Devleti\u2019 adl\u0131 radikal ter\u00f6r \u00f6rg\u00fct\u00fcnden temizleyerek kontrol\u00fc yeniden eline ald\u0131\u011f\u0131n\u0131 aktard\u0131. Irak Enformasyon \u015eebekesi Irak Ter\u00f6rle M\u00fccadele Biriminden naklen; Irak g\u00fcvenlik g\u00fc\u00e7lerinin Tekrit Kentini yeniden kontrol\u00fcne ge\u00e7irdi\u011fini aktar\u0131rken, Selahattin Valisi Ahmet Cabburi\u2019nin tutukland\u0131\u011f\u0131n\u0131 ifade etti. Nenova \u0130linin merkezi Musul Kentini &hellip;<\/p>\n","protected":false},"author":1,"featured_media":2937,"comment_status":"closed","ping_status":"closed","sticky":false,"template":"","format":"standard","meta":{"footnotes":""},"categories":[458,459],"tags":[653],"class_list":["post-2936","post","type-post","status-publish","format-standard","has-post-thumbnail","","category-dunya1","category-haberler-arap-uluslararasi-politika","tag-selahattin-ili-irak-guclerinin-elinde"],"_links":{"self":[{"href":"https:\/\/archive.sana.sy\/tr\/index.php?rest_route=\/wp\/v2\/posts\/2936","targetHints":{"allow":["GET"]}}],"collection":[{"href":"https:\/\/archive.sana.sy\/tr\/index.php?rest_route=\/wp\/v2\/posts"}],"about":[{"href":"https:\/\/archive.sana.sy\/tr\/index.php?rest_route=\/wp\/v2\/types\/post"}],"author":[{"embeddable":true,"href":"https:\/\/archive.sana.sy\/tr\/index.php?rest_route=\/wp\/v2\/users\/1"}],"replies":[{"embeddable":true,"href":"https:\/\/archive.sana.sy\/tr\/index.php?rest_route=%2Fwp%2Fv2%2Fcomments&post=2936"}],"version-history":[{"count":0,"href":"https:\/\/archive.sana.sy\/tr\/index.php?rest_route=\/wp\/v2\/posts\/2936\/revisions"}],"wp:featuredmedia":[{"embeddable":true,"href":"https:\/\/archive.sana.sy\/tr\/index.php?rest_route=\/wp\/v2\/media\/2937"}],"wp:attachment":[{"href":"https:\/\/archive.sana.sy\/tr\/index.php?rest_route=%2Fwp%2Fv2%2Fmedia&parent=2936"}],"wp:term":[{"taxonomy":"category","embeddable":true,"href":"https:\/\/archive.sana.sy\/tr\/index.php?rest_route=%2Fwp%2Fv2%2Fcategories&post=2936"},{"taxonomy":"post_tag","embeddable":true,"href":"https:\/\/archive.sana.sy\/tr\/index.php?rest_route=%2Fwp%2Fv2%2Ftags&post=2936"}],"curies":[{"name":"wp","href":"https:\/\/api.w.org\/{rel}","templated":true}]}}