{"id":293621,"date":"2023-12-17T15:41:45","date_gmt":"2023-12-17T12:41:45","guid":{"rendered":"https:\/\/sana.sy\/tr\/?p=293621"},"modified":"2023-12-19T08:19:04","modified_gmt":"2023-12-19T05:19:04","slug":"arnus-belarus-cumhuriyetinin-sam-buyukelcisi-yuri-slukayi-kabul-etti","status":"publish","type":"post","link":"https:\/\/archive.sana.sy\/tr\/?p=293621","title":{"rendered":"Arnus, Belarus Cumhuriyeti&#8217;nin \u015eam B\u00fcy\u00fckel\u00e7isi Yuri Sluka&#8217;y\u0131 Kabul Etti"},"content":{"rendered":"<p style=\"text-align: justify;\"><strong>\u015eAM 17 ARALIK (SANA)<\/strong> &#8211; Ba\u015fbakan H\u00fcseyin Arnus bu sabah Belarus Cumhuriyeti&#8217;nin \u015eam B\u00fcy\u00fckel\u00e7isi Yuri Sluka ile g\u00f6r\u00fc\u015ft\u00fc.<\/p>\n<p style=\"text-align: justify;\">G\u00f6r\u00fc\u015fmede \u00e7e\u015fitli ekonomik, ticari ve bilimsel alan ve sekt\u00f6rlerde ikili i\u015f birli\u011fini geli\u015ftirmenin, Suriyeli \u00f6\u011frencilere verilen burslar\u0131n art\u0131r\u0131lmas\u0131n\u0131n, temel e\u015fya ve malzeme de\u011fi\u015fimi s\u00fcrecinde kar\u015f\u0131la\u015f\u0131lan zorluklar\u0131n \u00e7\u00f6z\u00fcmlenmesinin yollar\u0131 ele al\u0131nd\u0131.<\/p>\n<p style=\"text-align: justify;\">Ba\u015fbakan, Belarus Cumhuriyeti Ba\u015fbakan\u0131 Roman Golovchenko&#8217;nun Suriye ziyareti s\u0131ras\u0131nda imzalanan anla\u015fma ve mutabakatlar\u0131n uygulanmas\u0131 i\u00e7in Suriye h\u00fck\u00fcmetinin her t\u00fcrl\u00fc kolayl\u0131\u011f\u0131 sa\u011flama ve gerekli \u00f6nlemleri alma konusundaki isteklili\u011fini vurgulayarak, ikili ticaret prosed\u00fcrlerinin g\u00fc\u00e7lendirilmesinin ve enerji, e\u011fitim ve k\u00fclt\u00fcr sekt\u00f6rlerinde i\u015fbirli\u011finin te\u015fvik edilmesinin \u00f6nemine dikkat \u00e7ekti.<\/p>\n<p style=\"text-align: justify;\">Belarus b\u00fcy\u00fckel\u00e7isi ise \u00fclkesinin ortak i\u015fbirli\u011fi ba\u011flar\u0131n\u0131, iki \u00fclke ekonomisine hizmet eden t\u00fcm hayati ve \u00f6nemli alanlar\u0131 kapsayacak \u015fekilde geni\u015fletme ve Suriye ile Belarus aras\u0131ndaki ili\u015fkilerde niteliksel bir s\u0131\u00e7rama sa\u011flama arzusunu dile getirirken, Belarus \u015firketlerinin Suriye&#8217;deki yeniden yap\u0131lanmaya katk\u0131da bulunmaya haz\u0131r oldu\u011funa dikkat \u00e7ekti.<\/p>\n<p style=\"text-align: justify;\">B\u00fcy\u00fckel\u00e7i Sluka, M\u00fchendis Arnous&#8217;a Belaruslu mevkida\u015f\u0131ndan, Minsk&#8217;i ziyaret etme ve iki \u00fclke aras\u0131ndaki ili\u015fkileri g\u00fc\u00e7lendirmenin ve ortak \u00e7\u0131karlar\u0131 g\u00f6zeten yeni anla\u015fmalara varman\u0131n yollar\u0131n\u0131 tart\u0131\u015fma davetini i\u00e7eren bir mesaj iletti.<\/p>\n<p style=\"text-align: center;\"><strong><a href=\"https:\/\/t.me\/SuriyeArapHaberAjansI\">Telegram Kanal\u0131m\u0131z\u00a0<\/a>||<a href=\"https:\/\/twitter.com\/arap_ajans\">X Platformumuz\u00a0<\/a>||<a href=\"https:\/\/www.facebook.com\/SANAHaberAjansi\/\">Facebook Sayfam\u0131z<\/a><\/strong><\/p>\n","protected":false},"excerpt":{"rendered":"<p>\u015eAM 17 ARALIK (SANA) &#8211; Ba\u015fbakan H\u00fcseyin Arnus bu sabah Belarus Cumhuriyeti&#8217;nin \u015eam B\u00fcy\u00fckel\u00e7isi Yuri Sluka ile g\u00f6r\u00fc\u015ft\u00fc. G\u00f6r\u00fc\u015fmede \u00e7e\u015fitli ekonomik, ticari ve bilimsel alan ve sekt\u00f6rlerde ikili i\u015f birli\u011fini geli\u015ftirmenin, Suriyeli \u00f6\u011frencilere verilen burslar\u0131n art\u0131r\u0131lmas\u0131n\u0131n, temel e\u015fya ve malzeme de\u011fi\u015fimi s\u00fcrecinde kar\u015f\u0131la\u015f\u0131lan zorluklar\u0131n \u00e7\u00f6z\u00fcmlenmesinin yollar\u0131 ele al\u0131nd\u0131. Ba\u015fbakan, Belarus Cumhuriyeti Ba\u015fbakan\u0131 Roman Golovchenko&#8217;nun Suriye &hellip;<\/p>\n","protected":false},"author":41,"featured_media":293622,"comment_status":"closed","ping_status":"closed","sticky":false,"template":"","format":"standard","meta":{"footnotes":""},"categories":[479,17988,478],"tags":[38678,40589],"class_list":["post-293621","post","type-post","status-publish","format-standard","has-post-thumbnail","","category-haberler-yerel","category-son-haberler","category-yerel","tag-arnus","tag-belarus-cumhuriyetinin-sam-buyukelcisi-yuri-slukayi-kabul-etti"],"_links":{"self":[{"href":"https:\/\/archive.sana.sy\/tr\/index.php?rest_route=\/wp\/v2\/posts\/293621","targetHints":{"allow":["GET"]}}],"collection":[{"href":"https:\/\/archive.sana.sy\/tr\/index.php?rest_route=\/wp\/v2\/posts"}],"about":[{"href":"https:\/\/archive.sana.sy\/tr\/index.php?rest_route=\/wp\/v2\/types\/post"}],"author":[{"embeddable":true,"href":"https:\/\/archive.sana.sy\/tr\/index.php?rest_route=\/wp\/v2\/users\/41"}],"replies":[{"embeddable":true,"href":"https:\/\/archive.sana.sy\/tr\/index.php?rest_route=%2Fwp%2Fv2%2Fcomments&post=293621"}],"version-history":[{"count":2,"href":"https:\/\/archive.sana.sy\/tr\/index.php?rest_route=\/wp\/v2\/posts\/293621\/revisions"}],"predecessor-version":[{"id":293628,"href":"https:\/\/archive.sana.sy\/tr\/index.php?rest_route=\/wp\/v2\/posts\/293621\/revisions\/293628"}],"wp:featuredmedia":[{"embeddable":true,"href":"https:\/\/archive.sana.sy\/tr\/index.php?rest_route=\/wp\/v2\/media\/293622"}],"wp:attachment":[{"href":"https:\/\/archive.sana.sy\/tr\/index.php?rest_route=%2Fwp%2Fv2%2Fmedia&parent=293621"}],"wp:term":[{"taxonomy":"category","embeddable":true,"href":"https:\/\/archive.sana.sy\/tr\/index.php?rest_route=%2Fwp%2Fv2%2Fcategories&post=293621"},{"taxonomy":"post_tag","embeddable":true,"href":"https:\/\/archive.sana.sy\/tr\/index.php?rest_route=%2Fwp%2Fv2%2Ftags&post=293621"}],"curies":[{"name":"wp","href":"https:\/\/api.w.org\/{rel}","templated":true}]}}