{"id":293625,"date":"2023-12-17T16:32:27","date_gmt":"2023-12-17T13:32:27","guid":{"rendered":"https:\/\/sana.sy\/tr\/?p=293625"},"modified":"2023-12-19T08:19:10","modified_gmt":"2023-12-19T05:19:10","slug":"putin-amerikanin-rusyanin-natoya-saldirdigina-iliskin-aciklamalari-tamamen-sacmaliktir","status":"publish","type":"post","link":"https:\/\/archive.sana.sy\/tr\/?p=293625","title":{"rendered":"Putin: Amerika&#8217;n\u0131n Rusya&#8217;n\u0131n NATO&#8217;ya Sald\u0131rd\u0131\u011f\u0131na \u0130li\u015fkin A\u00e7\u0131klamalar\u0131 Tamamen Sa\u00e7mal\u0131kt\u0131r"},"content":{"rendered":"<p style=\"text-align: justify;\"><strong>MOSKOVA 17 ARALIK (SANA) &#8211;<\/strong> Rusya Devlet Ba\u015fkan\u0131 Vladimir Putin, Amerikal\u0131 mevkida\u015f\u0131 Joe Biden&#8217;\u0131n Rusya&#8217;n\u0131n NATO&#8217;ya sald\u0131raca\u011f\u0131 y\u00f6n\u00fcndeki a\u00e7\u0131klamalar\u0131n\u0131 yalanlayarak bunlar\u0131 sa\u00e7mal\u0131k olarak nitelendirdi.<\/p>\n<p style=\"text-align: justify;\">Russia Today internet sitesi Putin&#8217;in bir televizyon r\u00f6portaj\u0131nda \u200b\u200b\u015funlar\u0131 s\u00f6yledi\u011fini aktard\u0131: &#8220;Bu tamamen sa\u00e7mal\u0131k. Ba\u015fkan Biden&#8217;\u0131n bunu anlad\u0131\u011f\u0131n\u0131 d\u00fc\u015f\u00fcn\u00fcyorum ve bu, onun Rusya&#8217;ya y\u00f6nelik yanl\u0131\u015f politikas\u0131n\u0131 me\u015frula\u015ft\u0131rmaya y\u00f6nelik bir metafordan ba\u015fka bir \u015fey de\u011fil.&#8221;<\/p>\n<p style=\"text-align: justify;\">Putin ayr\u0131ca, &#8220;Washington&#8217;un tutumu yanl\u0131\u015f \u00e7\u00fcnk\u00fc bu g\u00f6z \u00f6n\u00fcne al\u0131nd\u0131\u011f\u0131nda ABD&#8217;nin Rusya&#8217;y\u0131 stratejik bir yenilgiye u\u011fratmakla ilgilenmesi pek olas\u0131 de\u011fil&#8221; diyerek, bunun ABD&#8217;nin ulusal \u00e7\u0131karlar\u0131na hizmet etmedi\u011fine dikkat \u00e7ekti.<\/p>\n<p style=\"text-align: justify;\">&#8220;Rusya&#8217;n\u0131n NATO \u00fclkeleriyle sava\u015fmakta hi\u00e7bir jeopolitik, ekonomik veya askeri \u00e7\u0131kar\u0131 olmad\u0131\u011f\u0131n\u0131&#8221; vurgulayan Putin de,\u00a0 &#8220;\u00dclkesinin bu \u00fclkelerle herhangi bir b\u00f6lgesel sorunu yoktur ve onlarla ili\u015fkileri bozmak gibi bir niyeti yoktur, aksine onlarla ili\u015fkileri geli\u015ftirmekle ilgilenmektedir.&#8221; diye konu\u015ftu.<\/p>\n<p style=\"text-align: center;\"><strong><a href=\"https:\/\/t.me\/SuriyeArapHaberAjansI\">Telegram Kanal\u0131m\u0131z\u00a0<\/a>||<a href=\"https:\/\/twitter.com\/arap_ajans\">X Platformumuz\u00a0<\/a>||<a href=\"https:\/\/www.facebook.com\/SANAHaberAjansi\/\">Facebook Sayfam\u0131z<\/a><\/strong><\/p>\n","protected":false},"excerpt":{"rendered":"<p>MOSKOVA 17 ARALIK (SANA) &#8211; Rusya Devlet Ba\u015fkan\u0131 Vladimir Putin, Amerikal\u0131 mevkida\u015f\u0131 Joe Biden&#8217;\u0131n Rusya&#8217;n\u0131n NATO&#8217;ya sald\u0131raca\u011f\u0131 y\u00f6n\u00fcndeki a\u00e7\u0131klamalar\u0131n\u0131 yalanlayarak bunlar\u0131 sa\u00e7mal\u0131k olarak nitelendirdi. Russia Today internet sitesi Putin&#8217;in bir televizyon r\u00f6portaj\u0131nda \u200b\u200b\u015funlar\u0131 s\u00f6yledi\u011fini aktard\u0131: &#8220;Bu tamamen sa\u00e7mal\u0131k. Ba\u015fkan Biden&#8217;\u0131n bunu anlad\u0131\u011f\u0131n\u0131 d\u00fc\u015f\u00fcn\u00fcyorum ve bu, onun Rusya&#8217;ya y\u00f6nelik yanl\u0131\u015f politikas\u0131n\u0131 me\u015frula\u015ft\u0131rmaya y\u00f6nelik bir metafordan ba\u015fka &hellip;<\/p>\n","protected":false},"author":41,"featured_media":293626,"comment_status":"closed","ping_status":"closed","sticky":false,"template":"","format":"standard","meta":{"footnotes":""},"categories":[458,459,17988],"tags":[40590],"class_list":["post-293625","post","type-post","status-publish","format-standard","has-post-thumbnail","","category-dunya1","category-haberler-arap-uluslararasi-politika","category-son-haberler","tag-putin-amerikanin-rusyanin-natoya-saldirdigina-iliskin-aciklamalari-tamamen-sacmaliktir"],"_links":{"self":[{"href":"https:\/\/archive.sana.sy\/tr\/index.php?rest_route=\/wp\/v2\/posts\/293625","targetHints":{"allow":["GET"]}}],"collection":[{"href":"https:\/\/archive.sana.sy\/tr\/index.php?rest_route=\/wp\/v2\/posts"}],"about":[{"href":"https:\/\/archive.sana.sy\/tr\/index.php?rest_route=\/wp\/v2\/types\/post"}],"author":[{"embeddable":true,"href":"https:\/\/archive.sana.sy\/tr\/index.php?rest_route=\/wp\/v2\/users\/41"}],"replies":[{"embeddable":true,"href":"https:\/\/archive.sana.sy\/tr\/index.php?rest_route=%2Fwp%2Fv2%2Fcomments&post=293625"}],"version-history":[{"count":3,"href":"https:\/\/archive.sana.sy\/tr\/index.php?rest_route=\/wp\/v2\/posts\/293625\/revisions"}],"predecessor-version":[{"id":293642,"href":"https:\/\/archive.sana.sy\/tr\/index.php?rest_route=\/wp\/v2\/posts\/293625\/revisions\/293642"}],"wp:featuredmedia":[{"embeddable":true,"href":"https:\/\/archive.sana.sy\/tr\/index.php?rest_route=\/wp\/v2\/media\/293626"}],"wp:attachment":[{"href":"https:\/\/archive.sana.sy\/tr\/index.php?rest_route=%2Fwp%2Fv2%2Fmedia&parent=293625"}],"wp:term":[{"taxonomy":"category","embeddable":true,"href":"https:\/\/archive.sana.sy\/tr\/index.php?rest_route=%2Fwp%2Fv2%2Fcategories&post=293625"},{"taxonomy":"post_tag","embeddable":true,"href":"https:\/\/archive.sana.sy\/tr\/index.php?rest_route=%2Fwp%2Fv2%2Ftags&post=293625"}],"curies":[{"name":"wp","href":"https:\/\/api.w.org\/{rel}","templated":true}]}}