{"id":293657,"date":"2023-12-18T08:14:13","date_gmt":"2023-12-18T05:14:13","guid":{"rendered":"https:\/\/sana.sy\/tr\/?p=293657"},"modified":"2023-12-20T08:13:56","modified_gmt":"2023-12-20T05:13:56","slug":"deyrezzor-kirsalinda-terorist-artigi-mayin-patladi-2-cocuk-sehit-dustu","status":"publish","type":"post","link":"https:\/\/archive.sana.sy\/tr\/?p=293657","title":{"rendered":"Deyrezzor K\u0131rsal\u0131nda Ter\u00f6rist B\u0131rakt\u0131\u011f\u0131 May\u0131n Patlad\u0131 2 \u00c7ocuk \u015eehit D\u00fc\u015ft\u00fc"},"content":{"rendered":"<p style=\"text-align: justify;\"><strong>DEYREZZOR 18 Aral\u0131k 2023 (SANA) &#8211;<\/strong> Deyrezzor&#8217;un g\u00fcneydo\u011fu k\u0131rsal\u0131ndaki Elbukemal kentinde I\u015e\u0130D ter\u00f6ristlerinin arkalar\u0131nda b\u0131rakt\u0131\u011f\u0131 may\u0131n\u0131n patlamas\u0131 sonucu iki \u00e7ocuk \u015fehit d\u00fc\u015ft\u00fc.<\/p>\n<p style=\"text-align: justify;\">Elbukamal Kent Konseyi Ba\u015fkan\u0131 Cubal El Sayer, SANA muhabirine yapt\u0131\u011f\u0131 a\u00e7\u0131klamada, Elbukemal kentinin \u0130n\u015faat mahallesindeki I\u015e\u0130D ter\u00f6ristleri taraf\u0131ndan b\u0131rak\u0131lan bir may\u0131n\u0131n infilak ederek iki \u00e7ocu\u011fun \u015fehit d\u00fc\u015fmesine yol a\u00e7t\u0131\u011f\u0131n\u0131 ifade etti.<\/p>\n<p style=\"text-align: center;\"><strong><a href=\"https:\/\/t.me\/SuriyeArapHaberAjansI\">Telegram Kanal\u0131m\u0131z\u00a0<\/a>||<a href=\"https:\/\/twitter.com\/arap_ajans\">X Platformumuz\u00a0<\/a>||<a href=\"https:\/\/www.facebook.com\/SANAHaberAjansi\/\">Facebook Sayfam\u0131z<\/a><\/strong><\/p>\n","protected":false},"excerpt":{"rendered":"<p>DEYREZZOR 18 Aral\u0131k 2023 (SANA) &#8211; Deyrezzor&#8217;un g\u00fcneydo\u011fu k\u0131rsal\u0131ndaki Elbukemal kentinde I\u015e\u0130D ter\u00f6ristlerinin arkalar\u0131nda b\u0131rakt\u0131\u011f\u0131 may\u0131n\u0131n patlamas\u0131 sonucu iki \u00e7ocuk \u015fehit d\u00fc\u015ft\u00fc. Elbukamal Kent Konseyi Ba\u015fkan\u0131 Cubal El Sayer, SANA muhabirine yapt\u0131\u011f\u0131 a\u00e7\u0131klamada, Elbukemal kentinin \u0130n\u015faat mahallesindeki I\u015e\u0130D ter\u00f6ristleri taraf\u0131ndan b\u0131rak\u0131lan bir may\u0131n\u0131n infilak ederek iki \u00e7ocu\u011fun \u015fehit d\u00fc\u015fmesine yol a\u00e7t\u0131\u011f\u0131n\u0131 ifade etti. Telegram Kanal\u0131m\u0131z\u00a0||X &hellip;<\/p>\n","protected":false},"author":39,"featured_media":293658,"comment_status":"closed","ping_status":"closed","sticky":false,"template":"","format":"standard","meta":{"footnotes":""},"categories":[479,575,17988,478],"tags":[],"class_list":["post-293657","post","type-post","status-publish","format-standard","has-post-thumbnail","","category-haberler-yerel","category-olaylar-ve-gercekler","category-son-haberler","category-yerel"],"_links":{"self":[{"href":"https:\/\/archive.sana.sy\/tr\/index.php?rest_route=\/wp\/v2\/posts\/293657","targetHints":{"allow":["GET"]}}],"collection":[{"href":"https:\/\/archive.sana.sy\/tr\/index.php?rest_route=\/wp\/v2\/posts"}],"about":[{"href":"https:\/\/archive.sana.sy\/tr\/index.php?rest_route=\/wp\/v2\/types\/post"}],"author":[{"embeddable":true,"href":"https:\/\/archive.sana.sy\/tr\/index.php?rest_route=\/wp\/v2\/users\/39"}],"replies":[{"embeddable":true,"href":"https:\/\/archive.sana.sy\/tr\/index.php?rest_route=%2Fwp%2Fv2%2Fcomments&post=293657"}],"version-history":[{"count":2,"href":"https:\/\/archive.sana.sy\/tr\/index.php?rest_route=\/wp\/v2\/posts\/293657\/revisions"}],"predecessor-version":[{"id":293664,"href":"https:\/\/archive.sana.sy\/tr\/index.php?rest_route=\/wp\/v2\/posts\/293657\/revisions\/293664"}],"wp:featuredmedia":[{"embeddable":true,"href":"https:\/\/archive.sana.sy\/tr\/index.php?rest_route=\/wp\/v2\/media\/293658"}],"wp:attachment":[{"href":"https:\/\/archive.sana.sy\/tr\/index.php?rest_route=%2Fwp%2Fv2%2Fmedia&parent=293657"}],"wp:term":[{"taxonomy":"category","embeddable":true,"href":"https:\/\/archive.sana.sy\/tr\/index.php?rest_route=%2Fwp%2Fv2%2Fcategories&post=293657"},{"taxonomy":"post_tag","embeddable":true,"href":"https:\/\/archive.sana.sy\/tr\/index.php?rest_route=%2Fwp%2Fv2%2Ftags&post=293657"}],"curies":[{"name":"wp","href":"https:\/\/api.w.org\/{rel}","templated":true}]}}