{"id":293679,"date":"2023-12-18T08:00:31","date_gmt":"2023-12-18T05:00:31","guid":{"rendered":"https:\/\/sana.sy\/tr\/?p=293679"},"modified":"2023-12-20T08:13:50","modified_gmt":"2023-12-20T05:13:50","slug":"rus-kuvvetleri-ukraynanin-kobyansk-yonundeki-tahkimatlarini-yok-etti","status":"publish","type":"post","link":"https:\/\/archive.sana.sy\/tr\/?p=293679","title":{"rendered":"Rus Kuvvetleri Ukrayna&#8217;n\u0131n Kobyansk Y\u00f6n\u00fcndeki Tahkimatlar\u0131n\u0131 Yok Etti"},"content":{"rendered":"<p style=\"text-align: justify;\"><strong>MOSKOVA 18 ARALIK (SANA) &#8211;<\/strong> Rusya Savunma Bakanl\u0131\u011f\u0131, Rus top\u00e7ular\u0131n\u0131n Kubyansk eksenindeki askeri yo\u011funla\u015fmalara, z\u0131rhl\u0131 ara\u00e7lara ve Ukrayna kuvvetlerinin personeline isabetli sald\u0131r\u0131lar ger\u00e7ekle\u015ftirdi\u011fini duyurdu.<\/p>\n<p style=\"text-align: justify;\">RIA Novosti, bakanl\u0131\u011f\u0131n yapt\u0131\u011f\u0131 a\u00e7\u0131klamada, \u201cRusya Bat\u0131 Kuvvetleri Grubunun kunda\u011f\u0131 motorlu top\u00e7u ekipleri (Mista-S), Ukrayna kuvvetleri mensuplar\u0131n\u0131n a\u00e7\u0131ktaki askeri hedeflerine, b\u00f6lgelerine, tahkimatlar\u0131na ve z\u0131rhl\u0131 ara\u00e7lar\u0131na g\u00fcn\u00fcn her saatinde hassas sald\u0131r\u0131lar ger\u00e7ekle\u015ftirdi ve onlar\u0131 yok etti.\u201d diyerek, bu g\u00fc\u00e7lerin saflar\u0131nda teyit edilmi\u015f kay\u0131plar oldu\u011funa dikkat \u00e7ekti\u011fini aktard\u0131.<\/p>\n<p style=\"text-align: justify;\">Rus kuvvetleri, bir\u00e7ok muharebe ekseninde ilerleme kaydetti\u011fi Donbas&#8217;\u0131 korumaya y\u00f6nelik \u00f6zel askeri operasyon kapsam\u0131nda g\u00f6revlerini s\u00fcrd\u00fcr\u00fcyor.<\/p>\n<p style=\"text-align: center;\"><strong><a href=\"https:\/\/t.me\/SuriyeArapHaberAjansI\">Telegram Kanal\u0131m\u0131z\u00a0<\/a>||<a href=\"https:\/\/twitter.com\/arap_ajans\">X Platformumuz\u00a0<\/a>||<a href=\"https:\/\/www.facebook.com\/SANAHaberAjansi\/\">Facebook Sayfam\u0131z<\/a><\/strong><\/p>\n","protected":false},"excerpt":{"rendered":"<p>MOSKOVA 18 ARALIK (SANA) &#8211; Rusya Savunma Bakanl\u0131\u011f\u0131, Rus top\u00e7ular\u0131n\u0131n Kubyansk eksenindeki askeri yo\u011funla\u015fmalara, z\u0131rhl\u0131 ara\u00e7lara ve Ukrayna kuvvetlerinin personeline isabetli sald\u0131r\u0131lar ger\u00e7ekle\u015ftirdi\u011fini duyurdu. RIA Novosti, bakanl\u0131\u011f\u0131n yapt\u0131\u011f\u0131 a\u00e7\u0131klamada, \u201cRusya Bat\u0131 Kuvvetleri Grubunun kunda\u011f\u0131 motorlu top\u00e7u ekipleri (Mista-S), Ukrayna kuvvetleri mensuplar\u0131n\u0131n a\u00e7\u0131ktaki askeri hedeflerine, b\u00f6lgelerine, tahkimatlar\u0131na ve z\u0131rhl\u0131 ara\u00e7lar\u0131na g\u00fcn\u00fcn her saatinde hassas sald\u0131r\u0131lar ger\u00e7ekle\u015ftirdi &hellip;<\/p>\n","protected":false},"author":41,"featured_media":293680,"comment_status":"closed","ping_status":"closed","sticky":false,"template":"","format":"standard","meta":{"footnotes":""},"categories":[458,459,17988],"tags":[40591],"class_list":["post-293679","post","type-post","status-publish","format-standard","has-post-thumbnail","","category-dunya1","category-haberler-arap-uluslararasi-politika","category-son-haberler","tag-rus-kuvvetleri-ukraynanin-kobyansk-yonundeki-tahkimatlarini-yok-etti"],"_links":{"self":[{"href":"https:\/\/archive.sana.sy\/tr\/index.php?rest_route=\/wp\/v2\/posts\/293679","targetHints":{"allow":["GET"]}}],"collection":[{"href":"https:\/\/archive.sana.sy\/tr\/index.php?rest_route=\/wp\/v2\/posts"}],"about":[{"href":"https:\/\/archive.sana.sy\/tr\/index.php?rest_route=\/wp\/v2\/types\/post"}],"author":[{"embeddable":true,"href":"https:\/\/archive.sana.sy\/tr\/index.php?rest_route=\/wp\/v2\/users\/41"}],"replies":[{"embeddable":true,"href":"https:\/\/archive.sana.sy\/tr\/index.php?rest_route=%2Fwp%2Fv2%2Fcomments&post=293679"}],"version-history":[{"count":1,"href":"https:\/\/archive.sana.sy\/tr\/index.php?rest_route=\/wp\/v2\/posts\/293679\/revisions"}],"predecessor-version":[{"id":293681,"href":"https:\/\/archive.sana.sy\/tr\/index.php?rest_route=\/wp\/v2\/posts\/293679\/revisions\/293681"}],"wp:featuredmedia":[{"embeddable":true,"href":"https:\/\/archive.sana.sy\/tr\/index.php?rest_route=\/wp\/v2\/media\/293680"}],"wp:attachment":[{"href":"https:\/\/archive.sana.sy\/tr\/index.php?rest_route=%2Fwp%2Fv2%2Fmedia&parent=293679"}],"wp:term":[{"taxonomy":"category","embeddable":true,"href":"https:\/\/archive.sana.sy\/tr\/index.php?rest_route=%2Fwp%2Fv2%2Fcategories&post=293679"},{"taxonomy":"post_tag","embeddable":true,"href":"https:\/\/archive.sana.sy\/tr\/index.php?rest_route=%2Fwp%2Fv2%2Ftags&post=293679"}],"curies":[{"name":"wp","href":"https:\/\/api.w.org\/{rel}","templated":true}]}}