{"id":293784,"date":"2023-12-20T15:14:48","date_gmt":"2023-12-20T12:14:48","guid":{"rendered":"https:\/\/sana.sy\/tr\/?p=293784"},"modified":"2023-12-21T08:04:08","modified_gmt":"2023-12-21T05:04:08","slug":"aaihia-isgal-gazze-seridindeki-evlere-yapilan-baskinlar-sirasinda-sahada-infazlar-gerceklestiriyor","status":"publish","type":"post","link":"https:\/\/archive.sana.sy\/tr\/?p=293784","title":{"rendered":"AA\u0130H\u0130A: \u0130\u015fgal, Gazze \u015eeridi&#8217;ndeki Evlere Yap\u0131lan Bask\u0131nlar S\u0131ras\u0131nda Sahada \u0130nfazlar Ger\u00e7ekle\u015ftiriyor"},"content":{"rendered":"<p style=\"text-align: justify;\"><strong>\u0130\u015eGAL ED\u0130LEN KUD\u00dcS 20 ARALIK (SANA)<\/strong> &#8211; Avrupa-Akdeniz \u0130nsan Haklar\u0131 \u0130zleme A\u011f\u0131, \u0130srail i\u015fgal g\u00fc\u00e7lerinin Gazze \u015eeridi&#8217;ndeki evlerine bask\u0131nlar s\u0131ras\u0131nda Filistinlilere kar\u015f\u0131 sahada infazlar ger\u00e7ekle\u015ftirdi\u011fini do\u011frulayarak, Gazze \u015eeridi&#8217;ne y\u00f6nelik 75 g\u00fcn boyunca devam eden i\u015fgal sald\u0131r\u0131s\u0131n\u0131n durdurulmas\u0131 i\u00e7in uluslararas\u0131 toplumun harekete ge\u00e7mesi gerekti\u011fini vurgulad\u0131.<\/p>\n<p style=\"text-align: justify;\">A\u011f, bug\u00fcn yapt\u0131\u011f\u0131 a\u00e7\u0131klamada, \u2018\u2019A\u011f, d\u00fcn ak\u015fam saatlerinde Gazze \u015fehir merkezinde 4 Filistinli ailenin ya\u015fad\u0131\u011f\u0131 bir eve bask\u0131n d\u00fczenleyen i\u015fgal g\u00fc\u00e7lerinin, evdeki gen\u00e7 ve erkeklere do\u011frudan ate\u015f a\u00e7t\u0131\u011f\u0131na dair \u015fok ifadeler ald\u0131. Bu da 15 ki\u015finin \u00f6l\u00fcm\u00fcne ve di\u011ferlerinin de a\u011f\u0131r yaralanmas\u0131na yol a\u00e7t\u0131. Ayr\u0131ca kad\u0131n ve \u00e7ocuklar\u0131 da odalardan birinde toplay\u0131p \u00fczerlerine \u00e7ok say\u0131da f\u00fcze atarak yaralanmalar\u0131na neden olan \u00e7ete, ayr\u0131ca ak\u0131beti hen\u00fcz belirlenemeyen ya\u015fl\u0131 bir adam\u0131 da evden tutuklad\u0131\u2019\u2019 dedi.<\/p>\n<p style=\"text-align: justify;\">A\u011f ayr\u0131ca, \u2018\u2019Evlerinde i\u015fgal g\u00fc\u00e7leri taraf\u0131ndan ku\u015fat\u0131lan yakla\u015f\u0131k 50 kad\u0131n ve \u00e7ocuktan olu\u015fan \u00e7ok say\u0131da yaral\u0131 kad\u0131n, hayatlar\u0131n\u0131 kurtarmak i\u00e7in oradan nakledilmelerini koordine etmesi i\u00e7in Uluslararas\u0131 K\u0131z\u0131lha\u00e7 Komitesi&#8217;ne ba\u015fvurdu, ancak herhangi bir yan\u0131t alamad\u0131lar\u2019\u2019 ifedelerini kulland\u0131.<\/p>\n<p style=\"text-align: justify;\">\u0130\u015fgal g\u00fc\u00e7lerinin n\u00fcfuz ettikleri b\u00f6lgelerde, fiziksel cinayetler ve saha infazlar\u0131 da dahil olmak \u00fczere ger\u00e7ekle\u015ftirdi\u011fi zul\u00fcmlere ili\u015fkin defalarca ifade ald\u0131\u011f\u0131n\u0131 do\u011frulayan A\u011f, tan\u0131kl\u0131klar\u0131n, i\u015fgal g\u00fc\u00e7lerinin evlerin kap\u0131lar\u0131n\u0131 havaya u\u00e7urarak bask\u0131n yapt\u0131\u011f\u0131n\u0131, ard\u0131ndan i\u00e7eridekileri \u00f6ld\u00fcrmek i\u00e7in a\u011f\u0131r kur\u015funlar s\u0131kt\u0131\u011f\u0131n\u0131, ayr\u0131ca kad\u0131n ve \u00e7ocuklara da \u015fiddet uygulad\u0131klar\u0131n\u0131 ortaya koydu\u011funu belirtti.<\/p>\n<p style=\"text-align: center;\"><strong><a href=\"https:\/\/t.me\/SuriyeArapHaberAjansI\">Telegram Kanal\u0131m\u0131z\u00a0<\/a>||<a href=\"https:\/\/twitter.com\/arap_ajans\">X Platformumuz\u00a0<\/a>||<a href=\"https:\/\/www.facebook.com\/SANAHaberAjansi\/\">Facebook Sayfam\u0131z<\/a><\/strong><\/p>\n","protected":false},"excerpt":{"rendered":"<p>\u0130\u015eGAL ED\u0130LEN KUD\u00dcS 20 ARALIK (SANA) &#8211; Avrupa-Akdeniz \u0130nsan Haklar\u0131 \u0130zleme A\u011f\u0131, \u0130srail i\u015fgal g\u00fc\u00e7lerinin Gazze \u015eeridi&#8217;ndeki evlerine bask\u0131nlar s\u0131ras\u0131nda Filistinlilere kar\u015f\u0131 sahada infazlar ger\u00e7ekle\u015ftirdi\u011fini do\u011frulayarak, Gazze \u015eeridi&#8217;ne y\u00f6nelik 75 g\u00fcn boyunca devam eden i\u015fgal sald\u0131r\u0131s\u0131n\u0131n durdurulmas\u0131 i\u00e7in uluslararas\u0131 toplumun harekete ge\u00e7mesi gerekti\u011fini vurgulad\u0131. A\u011f, bug\u00fcn yapt\u0131\u011f\u0131 a\u00e7\u0131klamada, \u2018\u2019A\u011f, d\u00fcn ak\u015fam saatlerinde Gazze \u015fehir merkezinde &hellip;<\/p>\n","protected":false},"author":41,"featured_media":293785,"comment_status":"closed","ping_status":"closed","sticky":false,"template":"","format":"standard","meta":{"footnotes":""},"categories":[458,459,17988],"tags":[40606,40607],"class_list":["post-293784","post","type-post","status-publish","format-standard","has-post-thumbnail","","category-dunya1","category-haberler-arap-uluslararasi-politika","category-son-haberler","tag-aaihia-isgal","tag-gazze-seridindeki-evlere-yapilan-baskinlar-sirasinda-sahada-infazlar-gerceklestiriyor"],"_links":{"self":[{"href":"https:\/\/archive.sana.sy\/tr\/index.php?rest_route=\/wp\/v2\/posts\/293784","targetHints":{"allow":["GET"]}}],"collection":[{"href":"https:\/\/archive.sana.sy\/tr\/index.php?rest_route=\/wp\/v2\/posts"}],"about":[{"href":"https:\/\/archive.sana.sy\/tr\/index.php?rest_route=\/wp\/v2\/types\/post"}],"author":[{"embeddable":true,"href":"https:\/\/archive.sana.sy\/tr\/index.php?rest_route=\/wp\/v2\/users\/41"}],"replies":[{"embeddable":true,"href":"https:\/\/archive.sana.sy\/tr\/index.php?rest_route=%2Fwp%2Fv2%2Fcomments&post=293784"}],"version-history":[{"count":2,"href":"https:\/\/archive.sana.sy\/tr\/index.php?rest_route=\/wp\/v2\/posts\/293784\/revisions"}],"predecessor-version":[{"id":293790,"href":"https:\/\/archive.sana.sy\/tr\/index.php?rest_route=\/wp\/v2\/posts\/293784\/revisions\/293790"}],"wp:featuredmedia":[{"embeddable":true,"href":"https:\/\/archive.sana.sy\/tr\/index.php?rest_route=\/wp\/v2\/media\/293785"}],"wp:attachment":[{"href":"https:\/\/archive.sana.sy\/tr\/index.php?rest_route=%2Fwp%2Fv2%2Fmedia&parent=293784"}],"wp:term":[{"taxonomy":"category","embeddable":true,"href":"https:\/\/archive.sana.sy\/tr\/index.php?rest_route=%2Fwp%2Fv2%2Fcategories&post=293784"},{"taxonomy":"post_tag","embeddable":true,"href":"https:\/\/archive.sana.sy\/tr\/index.php?rest_route=%2Fwp%2Fv2%2Ftags&post=293784"}],"curies":[{"name":"wp","href":"https:\/\/api.w.org\/{rel}","templated":true}]}}