{"id":293794,"date":"2023-12-20T17:07:35","date_gmt":"2023-12-20T14:07:35","guid":{"rendered":"https:\/\/sana.sy\/tr\/?p=293794"},"modified":"2023-12-22T08:46:22","modified_gmt":"2023-12-22T05:46:22","slug":"cumhurbaskani-esad-lubnandaki-baas-partisinin-merkezi-liderlerini-kabul-etti","status":"publish","type":"post","link":"https:\/\/archive.sana.sy\/tr\/?p=293794","title":{"rendered":"Cumhurba\u015fkan\u0131 Esad, L\u00fcbnan&#8217;daki Baas Partisi&#8217;nin Merkezi Liderlerini Kabul Etti"},"content":{"rendered":"<p style=\"text-align: justify;\"><strong>\u015eAM 20 ARALIK (SANA)<\/strong> &#8211; Cumhurba\u015fkan\u0131 Be\u015f\u015far Esad, L\u00fcbnan&#8217;daki Genel Sekreter Ali Hicazi ba\u015fkanl\u0131\u011f\u0131ndaki Arap Sosyalist Baas Partisi&#8217;nin merkezi liderlerini kabul etti.<\/p>\n<p style=\"text-align: justify;\">Cumhurba\u015fkan\u0131 Esad g\u00f6r\u00fc\u015fmede, \u2018\u2019Partilere ulusal meseleleri savunma rollerinin yan\u0131 s\u0131ra halklar aras\u0131ndaki ili\u015fkilerin g\u00fc\u00e7lendirilmesinde de b\u00fcy\u00fck sorumluluk d\u00fc\u015fmektedir\u2026Bundan yola \u00e7\u0131karak Baas Partisi ve L\u00fcbnan&#8217;daki di\u011fer ulusal g\u00fc\u00e7ler ve partiler, Suriye ile L\u00fcbnan aras\u0131ndaki karde\u015flik ili\u015fkisinin g\u00fc\u00e7lendirilmesinde rol oynad\u0131\u2019\u2019 ifadelerini kulland\u0131.<\/p>\n<p style=\"text-align: justify;\">Cumhurba\u015fkan\u0131 Esad ayr\u0131ca, L\u00fcbnan&#8217;\u0131 tehdit edenin Suriye&#8217;yi de tehdit etti\u011fine dikkat \u00e7ekerek, L\u00fcbnan&#8217;\u0131n istikrar\u0131n\u0131n Suriye&#8217;nin istikrar\u0131na da katk\u0131da bulundu\u011funu belirtti.<\/p>\n<p style=\"text-align: justify;\">Buna kar\u015f\u0131l\u0131k heyet \u00fcyeleri, Suriye ile L\u00fcbnan aras\u0131ndaki karde\u015flik ili\u015fkisini ve bunun her iki \u00fclkenin yarar\u0131na g\u00fc\u00e7lendirilmesinin gereklili\u011fini ve \u00f6zellikle doktrin ve mezhepleri a\u015fan bir parti olmas\u0131 nedeniyle Baas Partisi&#8217;nin bu ili\u015fkinin g\u00fc\u00e7lendirilmesinde pan-Arap rol\u00fcn\u00fc vurgulad\u0131lar.<\/p>\n<p style=\"text-align: center;\"><strong><a href=\"https:\/\/t.me\/SuriyeArapHaberAjansI\">Telegram Kanal\u0131m\u0131z\u00a0<\/a>||<a href=\"https:\/\/twitter.com\/arap_ajans\">X Platformumuz\u00a0<\/a>||<a href=\"https:\/\/www.facebook.com\/SANAHaberAjansi\/\">Facebook Sayfam\u0131z<\/a><\/strong><\/p>\n","protected":false},"excerpt":{"rendered":"<p>\u015eAM 20 ARALIK (SANA) &#8211; Cumhurba\u015fkan\u0131 Be\u015f\u015far Esad, L\u00fcbnan&#8217;daki Genel Sekreter Ali Hicazi ba\u015fkanl\u0131\u011f\u0131ndaki Arap Sosyalist Baas Partisi&#8217;nin merkezi liderlerini kabul etti. Cumhurba\u015fkan\u0131 Esad g\u00f6r\u00fc\u015fmede, \u2018\u2019Partilere ulusal meseleleri savunma rollerinin yan\u0131 s\u0131ra halklar aras\u0131ndaki ili\u015fkilerin g\u00fc\u00e7lendirilmesinde de b\u00fcy\u00fck sorumluluk d\u00fc\u015fmektedir\u2026Bundan yola \u00e7\u0131karak Baas Partisi ve L\u00fcbnan&#8217;daki di\u011fer ulusal g\u00fc\u00e7ler ve partiler, Suriye ile L\u00fcbnan aras\u0131ndaki &hellip;<\/p>\n","protected":false},"author":41,"featured_media":293795,"comment_status":"closed","ping_status":"closed","sticky":false,"template":"","format":"standard","meta":{"footnotes":""},"categories":[606,605,17988],"tags":[38219,40610],"class_list":["post-293794","post","type-post","status-publish","format-standard","has-post-thumbnail","","category-cumhurbaskani","category-sayin-cumhurbaskani","category-son-haberler","tag-cumhurbaskani-esad","tag-lubnandaki-baas-partisinin-merkezi-liderlerini-kabul-etti"],"_links":{"self":[{"href":"https:\/\/archive.sana.sy\/tr\/index.php?rest_route=\/wp\/v2\/posts\/293794","targetHints":{"allow":["GET"]}}],"collection":[{"href":"https:\/\/archive.sana.sy\/tr\/index.php?rest_route=\/wp\/v2\/posts"}],"about":[{"href":"https:\/\/archive.sana.sy\/tr\/index.php?rest_route=\/wp\/v2\/types\/post"}],"author":[{"embeddable":true,"href":"https:\/\/archive.sana.sy\/tr\/index.php?rest_route=\/wp\/v2\/users\/41"}],"replies":[{"embeddable":true,"href":"https:\/\/archive.sana.sy\/tr\/index.php?rest_route=%2Fwp%2Fv2%2Fcomments&post=293794"}],"version-history":[{"count":1,"href":"https:\/\/archive.sana.sy\/tr\/index.php?rest_route=\/wp\/v2\/posts\/293794\/revisions"}],"predecessor-version":[{"id":293796,"href":"https:\/\/archive.sana.sy\/tr\/index.php?rest_route=\/wp\/v2\/posts\/293794\/revisions\/293796"}],"wp:featuredmedia":[{"embeddable":true,"href":"https:\/\/archive.sana.sy\/tr\/index.php?rest_route=\/wp\/v2\/media\/293795"}],"wp:attachment":[{"href":"https:\/\/archive.sana.sy\/tr\/index.php?rest_route=%2Fwp%2Fv2%2Fmedia&parent=293794"}],"wp:term":[{"taxonomy":"category","embeddable":true,"href":"https:\/\/archive.sana.sy\/tr\/index.php?rest_route=%2Fwp%2Fv2%2Fcategories&post=293794"},{"taxonomy":"post_tag","embeddable":true,"href":"https:\/\/archive.sana.sy\/tr\/index.php?rest_route=%2Fwp%2Fv2%2Ftags&post=293794"}],"curies":[{"name":"wp","href":"https:\/\/api.w.org\/{rel}","templated":true}]}}