{"id":293797,"date":"2023-12-20T17:15:49","date_gmt":"2023-12-20T14:15:49","guid":{"rendered":"https:\/\/sana.sy\/tr\/?p=293797"},"modified":"2023-12-21T08:04:09","modified_gmt":"2023-12-21T05:04:09","slug":"haci-siyonistlerin-suriyeye-yonelik-saldirganliklari-bolgenin-istikrarina-olumsuz-yansimalarina-neden-oluyor","status":"publish","type":"post","link":"https:\/\/archive.sana.sy\/tr\/?p=293797","title":{"rendered":"Haci: Siyonistlerin Suriye&#8217;ye Y\u00f6nelik Sald\u0131rganl\u0131klar\u0131 B\u00f6lgenin \u0130stikrar\u0131na Olumsuz Yans\u0131malar\u0131na Neden Oluyor"},"content":{"rendered":"<p style=\"text-align: justify;\"><strong>TAHRAN 20 ARALIK (SANA)<\/strong> &#8211; \u0130ran D\u0131\u015fi\u015fleri Bakan\u0131 \u00d6zel Siyasi \u0130\u015flerden Sorumlu K\u0131demli Yard\u0131mc\u0131s\u0131 Ali Asghar Khaji, Suriye&#8217;ye y\u00f6nelik Siyonist sald\u0131r\u0131lar\u0131n b\u00f6lgedeki bar\u0131\u015f ve istikrara olumsuz yans\u0131malar\u0131 konusunda uyar\u0131da bulundu.<\/p>\n<p style=\"text-align: justify;\">\u0130ran IRNA haber ajans\u0131, Khaji&#8217;nin bug\u00fcn Birle\u015fmi\u015f Milletler Genel Sekreteri&#8217;nin Suriye \u00d6zel Temsilcisi Geir Pedersen ile video arac\u0131l\u0131\u011f\u0131yla yapt\u0131\u011f\u0131 g\u00f6r\u00fc\u015fmelerde, &#8220;Suriye&#8217;ye y\u00f6nelik Siyonist sald\u0131r\u0131lar\u0131n nedenleri i\u015fgalci varl\u0131\u011f\u0131n sald\u0131rganl\u0131\u011fa dayal\u0131 yap\u0131s\u0131ndan kaynaklanmaktad\u0131r&#8221; dedi\u011fini aktard\u0131.<\/p>\n<p style=\"text-align: justify;\">Haci, uluslararas\u0131 topluma Suriye&#8217;deki insani ve ekonomik durumun iyile\u015ftirilmesi i\u00e7in pratik \u00f6nlemler al\u0131nmas\u0131 \u00e7a\u011fr\u0131s\u0131nda bulundu.<\/p>\n<p style=\"text-align: justify;\">Haci ayr\u0131ca Gazze \u015eeridi&#8217;ni hedef alan Siyonist su\u00e7lar\u0131 da k\u0131nayarak, bu sald\u0131rganl\u0131\u011f\u0131n durdurulmas\u0131 ba\u011flam\u0131nda pratik ad\u0131mlar\u0131n at\u0131lmas\u0131 \u00e7a\u011fr\u0131s\u0131nda bulundu.<\/p>\n<p style=\"text-align: center;\"><strong><a href=\"https:\/\/t.me\/SuriyeArapHaberAjansI\">Telegram Kanal\u0131m\u0131z\u00a0<\/a>||<a href=\"https:\/\/twitter.com\/arap_ajans\">X Platformumuz\u00a0<\/a>||<a href=\"https:\/\/www.facebook.com\/SANAHaberAjansi\/\">Facebook Sayfam\u0131z<\/a><\/strong><\/p>\n","protected":false},"excerpt":{"rendered":"<p>TAHRAN 20 ARALIK (SANA) &#8211; \u0130ran D\u0131\u015fi\u015fleri Bakan\u0131 \u00d6zel Siyasi \u0130\u015flerden Sorumlu K\u0131demli Yard\u0131mc\u0131s\u0131 Ali Asghar Khaji, Suriye&#8217;ye y\u00f6nelik Siyonist sald\u0131r\u0131lar\u0131n b\u00f6lgedeki bar\u0131\u015f ve istikrara olumsuz yans\u0131malar\u0131 konusunda uyar\u0131da bulundu. \u0130ran IRNA haber ajans\u0131, Khaji&#8217;nin bug\u00fcn Birle\u015fmi\u015f Milletler Genel Sekreteri&#8217;nin Suriye \u00d6zel Temsilcisi Geir Pedersen ile video arac\u0131l\u0131\u011f\u0131yla yapt\u0131\u011f\u0131 g\u00f6r\u00fc\u015fmelerde, &#8220;Suriye&#8217;ye y\u00f6nelik Siyonist sald\u0131r\u0131lar\u0131n nedenleri &hellip;<\/p>\n","protected":false},"author":41,"featured_media":293798,"comment_status":"closed","ping_status":"closed","sticky":false,"template":"","format":"standard","meta":{"footnotes":""},"categories":[458,459,17988],"tags":[40611],"class_list":["post-293797","post","type-post","status-publish","format-standard","has-post-thumbnail","","category-dunya1","category-haberler-arap-uluslararasi-politika","category-son-haberler","tag-haci-siyonistlerin-suriyeye-yonelik-saldirganliklari-bolgenin-istikrarina-olumsuz-yansimalarina-neden-oluyor"],"_links":{"self":[{"href":"https:\/\/archive.sana.sy\/tr\/index.php?rest_route=\/wp\/v2\/posts\/293797","targetHints":{"allow":["GET"]}}],"collection":[{"href":"https:\/\/archive.sana.sy\/tr\/index.php?rest_route=\/wp\/v2\/posts"}],"about":[{"href":"https:\/\/archive.sana.sy\/tr\/index.php?rest_route=\/wp\/v2\/types\/post"}],"author":[{"embeddable":true,"href":"https:\/\/archive.sana.sy\/tr\/index.php?rest_route=\/wp\/v2\/users\/41"}],"replies":[{"embeddable":true,"href":"https:\/\/archive.sana.sy\/tr\/index.php?rest_route=%2Fwp%2Fv2%2Fcomments&post=293797"}],"version-history":[{"count":1,"href":"https:\/\/archive.sana.sy\/tr\/index.php?rest_route=\/wp\/v2\/posts\/293797\/revisions"}],"predecessor-version":[{"id":293799,"href":"https:\/\/archive.sana.sy\/tr\/index.php?rest_route=\/wp\/v2\/posts\/293797\/revisions\/293799"}],"wp:featuredmedia":[{"embeddable":true,"href":"https:\/\/archive.sana.sy\/tr\/index.php?rest_route=\/wp\/v2\/media\/293798"}],"wp:attachment":[{"href":"https:\/\/archive.sana.sy\/tr\/index.php?rest_route=%2Fwp%2Fv2%2Fmedia&parent=293797"}],"wp:term":[{"taxonomy":"category","embeddable":true,"href":"https:\/\/archive.sana.sy\/tr\/index.php?rest_route=%2Fwp%2Fv2%2Fcategories&post=293797"},{"taxonomy":"post_tag","embeddable":true,"href":"https:\/\/archive.sana.sy\/tr\/index.php?rest_route=%2Fwp%2Fv2%2Ftags&post=293797"}],"curies":[{"name":"wp","href":"https:\/\/api.w.org\/{rel}","templated":true}]}}