{"id":293800,"date":"2023-12-20T17:54:55","date_gmt":"2023-12-20T14:54:55","guid":{"rendered":"https:\/\/sana.sy\/tr\/?p=293800"},"modified":"2023-12-22T08:46:28","modified_gmt":"2023-12-22T05:46:28","slug":"buyukelci-ala-savaslarin-ve-krizlerin-zorluklariyla-yuzlesmek-icin-arap-dayanismasi-ve-isbirligi-guclendirilmeli","status":"publish","type":"post","link":"https:\/\/archive.sana.sy\/tr\/?p=293800","title":{"rendered":"B\u00fcy\u00fckel\u00e7i Ala: Sava\u015flar\u0131n Ve Krizlerin Zorluklar\u0131yla Y\u00fczle\u015fmek \u0130\u00e7in Arap Dayan\u0131\u015fmas\u0131 Ve \u0130\u015fbirli\u011fi G\u00fc\u00e7lendirilmeli"},"content":{"rendered":"<p style=\"text-align: justify;\"><strong>KAH\u0130RE 20 ARALIK (SANA)<\/strong> &#8211; Suriye&#8217;nin Arap Devletleri Birli\u011fi daimi temsilcisi B\u00fcy\u00fckel\u00e7i Husemettin\u00a0 Ala, sava\u015flar\u0131n ve krizlerin zorluklar\u0131yla y\u00fczle\u015fmek ve bunlarla koordineli bir \u015fekilde ba\u015fa \u00e7\u0131kmak i\u00e7in ortak Arap dayan\u0131\u015fmas\u0131n\u0131 ve i\u015f birli\u011fini g\u00fc\u00e7lendirmenin gereklili\u011fini vurgulayarak, Suriye&#8217;nin, zorlu ekonomik ko\u015fullara ve kendisine dayat\u0131lan tek tarafl\u0131 zorlay\u0131c\u0131 tedbirlere ra\u011fmen, kendisine y\u00f6nelik sald\u0131rgan sava\u015f\u0131n sonu\u00e7lar\u0131yla ba\u015fa \u00e7\u0131kma \u00e7abalar\u0131na dikkat \u00e7ekti.<\/p>\n<p style=\"text-align: justify;\"><img loading=\"lazy\" decoding=\"async\" class=\"size-full wp-image-293802 alignright\" src=\"http:\/\/sana.sy\/tr\/wp-content\/uploads\/2023\/12\/Untitled-1-copy-180-300x187-1.jpg\" alt=\"\" width=\"300\" height=\"187\" \/>B\u00fcy\u00fckel\u00e7i Ala, Arap Sosyal \u0130\u015fler Bakanlar\u0131 Konseyi&#8217;nin k\u0131rk \u00fc\u00e7\u00fcnc\u00fc oturumu s\u0131ras\u0131nda yapt\u0131\u011f\u0131 a\u00e7\u0131klamada, Suriye&#8217;nin, \u0130srail&#8217;in Gazze \u015eeridi&#8217;ne y\u00f6nelik sald\u0131rganl\u0131\u011f\u0131n\u0131n derhal durdurulmas\u0131 ve bunun tehlikeli yans\u0131malar\u0131na de\u011finilmesi y\u00f6n\u00fcndeki \u00e7a\u011fr\u0131s\u0131n\u0131 yineledi.<\/p>\n<p style=\"text-align: justify;\">B\u00fcy\u00fckel\u00e7i Ala ayr\u0131ca, Suriye&#8217;nin &#8220;\u0130srail sald\u0131rganl\u0131\u011f\u0131n\u0131n ve Gazze \u015eeridi&#8217;ndeki insani trajedinin, unutulmamas\u0131 gereken daha b\u00fcy\u00fck bir trajedinin, \u0130srail&#8217;in Filistin&#8217;i ve i\u015fgal alt\u0131ndaki Arap topraklar\u0131n\u0131n geri kalan\u0131n\u0131 i\u015fgal etmesi oldu\u011funu vurgulad\u0131\u011f\u0131n\u0131&#8221; belirtti.<\/p>\n<p style=\"text-align: justify;\">Suriye&#8217;nin Arap Devletleri Birli\u011fi&#8217;ndeki daimi temsilcisi, &#8220;h\u0131zl\u0131 b\u00f6lgesel ve uluslararas\u0131 geli\u015fmeler \u0131\u015f\u0131\u011f\u0131nda toplant\u0131m\u0131z\u0131n, zorluklarla y\u00fczle\u015fmek ve bunlarla koordineli bir \u015fekilde ba\u015fa \u00e7\u0131kmak i\u00e7in ortak Arap dayan\u0131\u015fmas\u0131n\u0131 ve i\u015fbirli\u011fini g\u00fc\u00e7lendirmeyi gerektirdi\u011fini&#8221; vurgularken, \u2018\u2019 \u00a0\u201cZor ekonomik ko\u015fullara ve uygulanan tek tarafl\u0131 zorlay\u0131c\u0131 yapt\u0131r\u0131mlara ra\u011fmen, Suriye Arap Cumhuriyeti, ter\u00f6rizm, topraklar\u0131n\u0131n bir k\u0131sm\u0131n\u0131n Amerikan ve T\u00fcrk i\u015fgali ve Suriye halk\u0131na uygulanan ekonomik abluka da dahil olmak \u00fczere kendisine y\u00f6nelik sald\u0131rgan sava\u015f\u0131n sonu\u00e7lar\u0131yla ba\u015fa \u00e7\u0131kmak i\u00e7in mevcut yeteneklere g\u00f6re b\u00fcy\u00fck \u00e7aba g\u00f6steriyor\u2019\u2019 ifadelerini kulland\u0131.<\/p>\n<p style=\"text-align: justify;\">Konferans\u0131n g\u00fcndeminde yer alan temel konulara ili\u015fkin B\u00fcy\u00fckel\u00e7i Ala, &#8220;Suriye h\u00fck\u00fcmetinin \u00e7ok boyutlu yoksullu\u011fu ortadan kald\u0131rma ekseninde bu duruma \u00e7\u00f6z\u00fcm bulmaya \u00e7al\u0131\u015ft\u0131\u011f\u0131n\u0131&#8221; vurgulad\u0131.<\/p>\n<p style=\"text-align: justify;\">Ala konu\u015fmas\u0131nda da, &#8220;Birle\u015fmi\u015f Milletler insani yard\u0131m kurulu\u015flar\u0131n\u0131n 2023 y\u0131l\u0131 boyunca Suriye topraklar\u0131ndaki \u00e7al\u0131\u015fmalar\u0131na ve 2024 y\u0131l\u0131 planlar\u0131na ayr\u0131lan fondaki b\u00fcy\u00fck a\u00e7\u0131\u011f\u0131n, \u00e7ok boyutlu yoksullukla m\u00fccadele a\u00e7\u0131s\u0131ndan ciddi bir zorluk olu\u015fturdu\u011funa&#8221; dikkat \u00e7ekti.<\/p>\n<p style=\"text-align: justify;\">B\u00fcy\u00fckel\u00e7i Ala konu\u015fmas\u0131n\u0131 yaparkan, yetenek ve i\u015fg\u00fcc\u00fc g\u00f6\u00e7\u00fcn\u00fcn temsil etti\u011fi sosyal ve ekonomik etkiler nedeniyle Suriye&#8217;nin g\u00f6\u00e7 konusunun k\u0131rk \u00fc\u00e7\u00fcnc\u00fc oturumun g\u00fcndemine al\u0131nmas\u0131n\u0131 memnuniyetle kar\u015f\u0131lad\u0131\u011f\u0131n\u0131 da kaydetti.<\/p>\n<p style=\"text-align: center;\"><strong><a href=\"https:\/\/t.me\/SuriyeArapHaberAjansI\">Telegram Kanal\u0131m\u0131z\u00a0<\/a>||<a href=\"https:\/\/twitter.com\/arap_ajans\">X Platformumuz\u00a0<\/a>||<a href=\"https:\/\/www.facebook.com\/SANAHaberAjansi\/\">Facebook Sayfam\u0131z<\/a><\/strong><\/p>\n","protected":false},"excerpt":{"rendered":"<p>KAH\u0130RE 20 ARALIK (SANA) &#8211; Suriye&#8217;nin Arap Devletleri Birli\u011fi daimi temsilcisi B\u00fcy\u00fckel\u00e7i Husemettin\u00a0 Ala, sava\u015flar\u0131n ve krizlerin zorluklar\u0131yla y\u00fczle\u015fmek ve bunlarla koordineli bir \u015fekilde ba\u015fa \u00e7\u0131kmak i\u00e7in ortak Arap dayan\u0131\u015fmas\u0131n\u0131 ve i\u015f birli\u011fini g\u00fc\u00e7lendirmenin gereklili\u011fini vurgulayarak, Suriye&#8217;nin, zorlu ekonomik ko\u015fullara ve kendisine dayat\u0131lan tek tarafl\u0131 zorlay\u0131c\u0131 tedbirlere ra\u011fmen, kendisine y\u00f6nelik sald\u0131rgan sava\u015f\u0131n sonu\u00e7lar\u0131yla ba\u015fa \u00e7\u0131kma &hellip;<\/p>\n","protected":false},"author":41,"featured_media":293814,"comment_status":"closed","ping_status":"closed","sticky":false,"template":"","format":"standard","meta":{"footnotes":""},"categories":[458,459,17988],"tags":[40612],"class_list":["post-293800","post","type-post","status-publish","format-standard","has-post-thumbnail","","category-dunya1","category-haberler-arap-uluslararasi-politika","category-son-haberler","tag-buyukelci-ala-savaslarin-ve-krizlerin-zorluklariyla-yuzlesmek-icin-arap-dayanismasi-ve-isbirligi-guclendirilmeli"],"_links":{"self":[{"href":"https:\/\/archive.sana.sy\/tr\/index.php?rest_route=\/wp\/v2\/posts\/293800","targetHints":{"allow":["GET"]}}],"collection":[{"href":"https:\/\/archive.sana.sy\/tr\/index.php?rest_route=\/wp\/v2\/posts"}],"about":[{"href":"https:\/\/archive.sana.sy\/tr\/index.php?rest_route=\/wp\/v2\/types\/post"}],"author":[{"embeddable":true,"href":"https:\/\/archive.sana.sy\/tr\/index.php?rest_route=\/wp\/v2\/users\/41"}],"replies":[{"embeddable":true,"href":"https:\/\/archive.sana.sy\/tr\/index.php?rest_route=%2Fwp%2Fv2%2Fcomments&post=293800"}],"version-history":[{"count":2,"href":"https:\/\/archive.sana.sy\/tr\/index.php?rest_route=\/wp\/v2\/posts\/293800\/revisions"}],"predecessor-version":[{"id":293807,"href":"https:\/\/archive.sana.sy\/tr\/index.php?rest_route=\/wp\/v2\/posts\/293800\/revisions\/293807"}],"wp:featuredmedia":[{"embeddable":true,"href":"https:\/\/archive.sana.sy\/tr\/index.php?rest_route=\/wp\/v2\/media\/293814"}],"wp:attachment":[{"href":"https:\/\/archive.sana.sy\/tr\/index.php?rest_route=%2Fwp%2Fv2%2Fmedia&parent=293800"}],"wp:term":[{"taxonomy":"category","embeddable":true,"href":"https:\/\/archive.sana.sy\/tr\/index.php?rest_route=%2Fwp%2Fv2%2Fcategories&post=293800"},{"taxonomy":"post_tag","embeddable":true,"href":"https:\/\/archive.sana.sy\/tr\/index.php?rest_route=%2Fwp%2Fv2%2Ftags&post=293800"}],"curies":[{"name":"wp","href":"https:\/\/api.w.org\/{rel}","templated":true}]}}