{"id":293804,"date":"2023-12-20T18:00:25","date_gmt":"2023-12-20T15:00:25","guid":{"rendered":"https:\/\/sana.sy\/tr\/?p=293804"},"modified":"2023-12-22T08:46:33","modified_gmt":"2023-12-22T05:46:33","slug":"cumhurbaskani-esadin-onunde-buyukelci-dahhak-new-yorkta-suriyenin-bm-nezdindeki-daimi-temsilcisi-olarak-yemin-etti","status":"publish","type":"post","link":"https:\/\/archive.sana.sy\/tr\/?p=293804","title":{"rendered":"Cumhurba\u015fkan\u0131 Esad&#8217;\u0131n \u00d6n\u00fcnde&#8230; B\u00fcy\u00fckel\u00e7i\u00a0 Dahhak, New York&#8217;ta Suriye&#8217;nin BM Nezdindeki Daimi Temsilcisi Olarak Yemin Etti"},"content":{"rendered":"<p style=\"text-align: justify;\"><strong>\u015eAM 20 ARALIK (SANA)<\/strong> &#8211; B\u00fcy\u00fckel\u00e7i Kusay Dahhak, Cumhurba\u015fkan\u0131 Be\u015f\u015far Esad&#8217;\u0131n \u00f6n\u00fcnde \u00a0New York&#8217;ta Suriye Arap Cumhuriyeti&#8217;nin Birle\u015fmi\u015f Milletler nezdinde daimi temsilcisi olarak yemin etti.<\/p>\n<p style=\"text-align: justify;\">Daha sonra Cumhurba\u015fkan\u0131 Esad, B\u00fcy\u00fckel\u00e7i Dahhak&#8217;\u0131 kabul ederek kendisine rehberlik etti ve g\u00f6revlerinde ba\u015far\u0131lar diledi.<\/p>\n<p style=\"text-align: justify;\">Yemin t\u00f6renine D\u0131\u015fi\u015fleri ve G\u00f6\u00e7menler Bakan\u0131 Faysal Mikdad ve Cumhurba\u015fkanl\u0131\u011f\u0131 Genel Sekreteri Mansur Azzam kat\u0131ld\u0131.<\/p>\n<p style=\"text-align: center;\"><strong><a href=\"https:\/\/t.me\/SuriyeArapHaberAjansI\">Telegram Kanal\u0131m\u0131z\u00a0<\/a>||<a href=\"https:\/\/twitter.com\/arap_ajans\">X Platformumuz\u00a0<\/a>||<a href=\"https:\/\/www.facebook.com\/SANAHaberAjansi\/\">Facebook Sayfam\u0131z<\/a><\/strong><\/p>\n","protected":false},"excerpt":{"rendered":"<p>\u015eAM 20 ARALIK (SANA) &#8211; B\u00fcy\u00fckel\u00e7i Kusay Dahhak, Cumhurba\u015fkan\u0131 Be\u015f\u015far Esad&#8217;\u0131n \u00f6n\u00fcnde \u00a0New York&#8217;ta Suriye Arap Cumhuriyeti&#8217;nin Birle\u015fmi\u015f Milletler nezdinde daimi temsilcisi olarak yemin etti. Daha sonra Cumhurba\u015fkan\u0131 Esad, B\u00fcy\u00fckel\u00e7i Dahhak&#8217;\u0131 kabul ederek kendisine rehberlik etti ve g\u00f6revlerinde ba\u015far\u0131lar diledi. Yemin t\u00f6renine D\u0131\u015fi\u015fleri ve G\u00f6\u00e7menler Bakan\u0131 Faysal Mikdad ve Cumhurba\u015fkanl\u0131\u011f\u0131 Genel Sekreteri Mansur Azzam kat\u0131ld\u0131. &hellip;<\/p>\n","protected":false},"author":41,"featured_media":293805,"comment_status":"closed","ping_status":"closed","sticky":false,"template":"","format":"standard","meta":{"footnotes":""},"categories":[606,605,17988],"tags":[40613,40614],"class_list":["post-293804","post","type-post","status-publish","format-standard","has-post-thumbnail","","category-cumhurbaskani","category-sayin-cumhurbaskani","category-son-haberler","tag-cumhurbaskani-esadin-onunde-buyukelci-dahhak","tag-new-yorkta-suriyenin-bm-nezdindeki-daimi-temsilcisi-olarak-yemin-etti"],"_links":{"self":[{"href":"https:\/\/archive.sana.sy\/tr\/index.php?rest_route=\/wp\/v2\/posts\/293804","targetHints":{"allow":["GET"]}}],"collection":[{"href":"https:\/\/archive.sana.sy\/tr\/index.php?rest_route=\/wp\/v2\/posts"}],"about":[{"href":"https:\/\/archive.sana.sy\/tr\/index.php?rest_route=\/wp\/v2\/types\/post"}],"author":[{"embeddable":true,"href":"https:\/\/archive.sana.sy\/tr\/index.php?rest_route=\/wp\/v2\/users\/41"}],"replies":[{"embeddable":true,"href":"https:\/\/archive.sana.sy\/tr\/index.php?rest_route=%2Fwp%2Fv2%2Fcomments&post=293804"}],"version-history":[{"count":1,"href":"https:\/\/archive.sana.sy\/tr\/index.php?rest_route=\/wp\/v2\/posts\/293804\/revisions"}],"predecessor-version":[{"id":293806,"href":"https:\/\/archive.sana.sy\/tr\/index.php?rest_route=\/wp\/v2\/posts\/293804\/revisions\/293806"}],"wp:featuredmedia":[{"embeddable":true,"href":"https:\/\/archive.sana.sy\/tr\/index.php?rest_route=\/wp\/v2\/media\/293805"}],"wp:attachment":[{"href":"https:\/\/archive.sana.sy\/tr\/index.php?rest_route=%2Fwp%2Fv2%2Fmedia&parent=293804"}],"wp:term":[{"taxonomy":"category","embeddable":true,"href":"https:\/\/archive.sana.sy\/tr\/index.php?rest_route=%2Fwp%2Fv2%2Fcategories&post=293804"},{"taxonomy":"post_tag","embeddable":true,"href":"https:\/\/archive.sana.sy\/tr\/index.php?rest_route=%2Fwp%2Fv2%2Ftags&post=293804"}],"curies":[{"name":"wp","href":"https:\/\/api.w.org\/{rel}","templated":true}]}}