{"id":293811,"date":"2023-12-20T17:20:42","date_gmt":"2023-12-20T14:20:42","guid":{"rendered":"https:\/\/sana.sy\/tr\/?p=293811"},"modified":"2023-12-22T08:46:25","modified_gmt":"2023-12-22T05:46:25","slug":"rus-hava-kuvvetleri-gelecek-yil-yeni-stratejik-ucaklar-alacak","status":"publish","type":"post","link":"https:\/\/archive.sana.sy\/tr\/?p=293811","title":{"rendered":"Rus Hava Kuvvetleri Gelecek Y\u0131l Yeni Stratejik U\u00e7aklar Alacak"},"content":{"rendered":"<p style=\"text-align: justify;\"><strong>MOSKOVA 20 ARALIK <\/strong><strong>(SANA) &#8211;<\/strong> Rus Ordusunun Uzun Menzilli Havac\u0131l\u0131k Kuvvetleri Komutan\u0131 Sergei Kobylash, bug\u00fcn ordunun gelecek y\u0131l tamamen yeni u\u00e7aklar alaca\u011f\u0131n\u0131 duyurdu.<\/p>\n<p style=\"text-align: justify;\">Rus Krasnaya Zvezda gazetesi Kobylash&#8217;\u0131n, &#8220;Ordunun u\u00e7ak filosunu modernize etmek ve gelecek y\u0131l yeni u\u00e7aklar almak i\u00e7in b\u00fcy\u00fck bir plan var, \u00e7\u00fcnk\u00fc bunlar tamamen yeni olacak, ayn\u0131 zamanda yeni ilkelere dayanacak ve yeni dinamik ve sava\u015f \u00f6zelliklerine sahip olacak&#8221; ifadelerini aktard\u0131.<\/p>\n<p style=\"text-align: justify;\">Kobylash, Rusya&#8217;n\u0131n orduya yeni havac\u0131l\u0131k ekipman\u0131 ve u\u00e7aklar\u0131 sa\u011flamak amac\u0131yla 2023 y\u0131l\u0131 i\u00e7in y\u00fcr\u00fcrl\u00fckte olan t\u00fcm proje ve planlar\u0131n\u0131 tamamlad\u0131\u011f\u0131n\u0131 belirtti.<\/p>\n<p style=\"text-align: justify;\">Tu-160 ve Tu-95MS stratejik bombard\u0131man u\u00e7aklar\u0131n\u0131n te\u00e7hizat ve silah sistemleri modernizasyonundan ge\u00e7erken Rusya, ordunun kulland\u0131\u011f\u0131 uzun menzilli bombard\u0131man u\u00e7aklar\u0131n\u0131n muharebe yeteneklerini geli\u015ftirmek ve \u00f6mr\u00fcn\u00fc uzatmak i\u00e7in bir\u00e7ok proje \u00fczerinde \u00e7al\u0131\u015f\u0131yor.<\/p>\n<p style=\"text-align: center;\"><strong><a href=\"https:\/\/t.me\/SuriyeArapHaberAjansI\">Telegram Kanal\u0131m\u0131z\u00a0<\/a>||<a href=\"https:\/\/twitter.com\/arap_ajans\">X Platformumuz\u00a0<\/a>||<a href=\"https:\/\/www.facebook.com\/SANAHaberAjansi\/\">Facebook Sayfam\u0131z<\/a><\/strong><\/p>\n","protected":false},"excerpt":{"rendered":"<p>MOSKOVA 20 ARALIK (SANA) &#8211; Rus Ordusunun Uzun Menzilli Havac\u0131l\u0131k Kuvvetleri Komutan\u0131 Sergei Kobylash, bug\u00fcn ordunun gelecek y\u0131l tamamen yeni u\u00e7aklar alaca\u011f\u0131n\u0131 duyurdu. Rus Krasnaya Zvezda gazetesi Kobylash&#8217;\u0131n, &#8220;Ordunun u\u00e7ak filosunu modernize etmek ve gelecek y\u0131l yeni u\u00e7aklar almak i\u00e7in b\u00fcy\u00fck bir plan var, \u00e7\u00fcnk\u00fc bunlar tamamen yeni olacak, ayn\u0131 zamanda yeni ilkelere dayanacak ve &hellip;<\/p>\n","protected":false},"author":41,"featured_media":293812,"comment_status":"closed","ping_status":"closed","sticky":false,"template":"","format":"standard","meta":{"footnotes":""},"categories":[458,459,17988],"tags":[40616],"class_list":["post-293811","post","type-post","status-publish","format-standard","has-post-thumbnail","","category-dunya1","category-haberler-arap-uluslararasi-politika","category-son-haberler","tag-rus-hava-kuvvetleri-gelecek-yil-yeni-stratejik-ucaklar-alacak"],"_links":{"self":[{"href":"https:\/\/archive.sana.sy\/tr\/index.php?rest_route=\/wp\/v2\/posts\/293811","targetHints":{"allow":["GET"]}}],"collection":[{"href":"https:\/\/archive.sana.sy\/tr\/index.php?rest_route=\/wp\/v2\/posts"}],"about":[{"href":"https:\/\/archive.sana.sy\/tr\/index.php?rest_route=\/wp\/v2\/types\/post"}],"author":[{"embeddable":true,"href":"https:\/\/archive.sana.sy\/tr\/index.php?rest_route=\/wp\/v2\/users\/41"}],"replies":[{"embeddable":true,"href":"https:\/\/archive.sana.sy\/tr\/index.php?rest_route=%2Fwp%2Fv2%2Fcomments&post=293811"}],"version-history":[{"count":1,"href":"https:\/\/archive.sana.sy\/tr\/index.php?rest_route=\/wp\/v2\/posts\/293811\/revisions"}],"predecessor-version":[{"id":293813,"href":"https:\/\/archive.sana.sy\/tr\/index.php?rest_route=\/wp\/v2\/posts\/293811\/revisions\/293813"}],"wp:featuredmedia":[{"embeddable":true,"href":"https:\/\/archive.sana.sy\/tr\/index.php?rest_route=\/wp\/v2\/media\/293812"}],"wp:attachment":[{"href":"https:\/\/archive.sana.sy\/tr\/index.php?rest_route=%2Fwp%2Fv2%2Fmedia&parent=293811"}],"wp:term":[{"taxonomy":"category","embeddable":true,"href":"https:\/\/archive.sana.sy\/tr\/index.php?rest_route=%2Fwp%2Fv2%2Fcategories&post=293811"},{"taxonomy":"post_tag","embeddable":true,"href":"https:\/\/archive.sana.sy\/tr\/index.php?rest_route=%2Fwp%2Fv2%2Ftags&post=293811"}],"curies":[{"name":"wp","href":"https:\/\/api.w.org\/{rel}","templated":true}]}}