{"id":293819,"date":"2023-12-21T09:48:59","date_gmt":"2023-12-21T06:48:59","guid":{"rendered":"https:\/\/sana.sy\/tr\/?p=293819"},"modified":"2023-12-22T08:46:46","modified_gmt":"2023-12-22T05:46:46","slug":"cezayir-suriyeye-ucuslarina-yeniden-basliyor","status":"publish","type":"post","link":"https:\/\/archive.sana.sy\/tr\/?p=293819","title":{"rendered":"Cezayir Suriye&#8217;ye U\u00e7u\u015flar\u0131na Yeniden Ba\u015fl\u0131yor"},"content":{"rendered":"<p style=\"text-align: justify;\"><strong>\u015eAM 20 ARALIK (SANA)<\/strong>\u00a0\u2013\u00a0Cezayir, Suriye&#8217;ye u\u00e7u\u015flar\u0131n\u0131 on y\u0131l\u0131 a\u015fk\u0131n bir s\u00fcre durdurduktan sonra yeniden ba\u015flatacak ve ilk u\u00e7u\u015fu bu \u00f6\u011fleden sonra Lazkiye Uluslararas\u0131 Havaliman\u0131&#8217;na inecek.<\/p>\n<p style=\"text-align: justify;\">Ula\u015ft\u0131rma Bakanl\u0131\u011f\u0131n\u0131n yay\u0131nld\u0131\u011f\u0131 ve SANA&#8217;n\u0131n n\u00fcshas\u0131n\u0131 ald\u0131\u011f\u0131 beyanda: &#8221; Bu ad\u0131m\u0131 son derece takdirle kar\u015f\u0131l\u0131yor ve bu u\u00e7u\u015flara hizmet vermek i\u00e7in gerekli t\u00fcm imkan ve prosed\u00fcrleri sa\u011flamay\u0131, operasyonun s\u00fcreklili\u011fine katk\u0131da bulunacak her \u015feyi sa\u011flamay\u0131 ve hatta gelecekte bunu art\u0131rmay\u0131 hedefliyoruz&#8221; dedi.<\/p>\n<p style=\"text-align: justify;\">Bakanl\u0131k, bu karara istinaden Suriye Sivil Havac\u0131l\u0131k Genel Te\u015fkilat\u0131&#8217;n\u0131n Air Algerie&#8217;ye sivil havalimanlar\u0131n\u0131 kullanma izni verdi\u011fini, iki \u00fclke aras\u0131nda imzalanan hava ta\u015f\u0131mac\u0131l\u0131\u011f\u0131 anla\u015fmas\u0131 kapsam\u0131nda u\u00e7u\u015flar\u0131n al\u0131nmas\u0131 i\u00e7in gerekli kolayl\u0131klar\u0131n sa\u011flanaca\u011f\u0131n\u0131 belirtti.<\/p>\n<p style=\"text-align: center;\"><strong><a href=\"https:\/\/t.me\/SuriyeArapHaberAjansI\">Telegram Kanal\u0131m\u0131z\u00a0<\/a>||<a href=\"https:\/\/twitter.com\/arap_ajans\">X Platformumuz\u00a0<\/a>||<a href=\"https:\/\/www.facebook.com\/SANAHaberAjansi\/\">Facebook Sayfam\u0131z<\/a><\/strong><\/p>\n","protected":false},"excerpt":{"rendered":"<p>\u015eAM 20 ARALIK (SANA)\u00a0\u2013\u00a0Cezayir, Suriye&#8217;ye u\u00e7u\u015flar\u0131n\u0131 on y\u0131l\u0131 a\u015fk\u0131n bir s\u00fcre durdurduktan sonra yeniden ba\u015flatacak ve ilk u\u00e7u\u015fu bu \u00f6\u011fleden sonra Lazkiye Uluslararas\u0131 Havaliman\u0131&#8217;na inecek. Ula\u015ft\u0131rma Bakanl\u0131\u011f\u0131n\u0131n yay\u0131nld\u0131\u011f\u0131 ve SANA&#8217;n\u0131n n\u00fcshas\u0131n\u0131 ald\u0131\u011f\u0131 beyanda: &#8221; Bu ad\u0131m\u0131 son derece takdirle kar\u015f\u0131l\u0131yor ve bu u\u00e7u\u015flara hizmet vermek i\u00e7in gerekli t\u00fcm imkan ve prosed\u00fcrleri sa\u011flamay\u0131, operasyonun s\u00fcreklili\u011fine katk\u0131da &hellip;<\/p>\n","protected":false},"author":36,"featured_media":293820,"comment_status":"closed","ping_status":"closed","sticky":false,"template":"","format":"standard","meta":{"footnotes":""},"categories":[479,17988,478],"tags":[],"class_list":["post-293819","post","type-post","status-publish","format-standard","has-post-thumbnail","","category-haberler-yerel","category-son-haberler","category-yerel"],"_links":{"self":[{"href":"https:\/\/archive.sana.sy\/tr\/index.php?rest_route=\/wp\/v2\/posts\/293819","targetHints":{"allow":["GET"]}}],"collection":[{"href":"https:\/\/archive.sana.sy\/tr\/index.php?rest_route=\/wp\/v2\/posts"}],"about":[{"href":"https:\/\/archive.sana.sy\/tr\/index.php?rest_route=\/wp\/v2\/types\/post"}],"author":[{"embeddable":true,"href":"https:\/\/archive.sana.sy\/tr\/index.php?rest_route=\/wp\/v2\/users\/36"}],"replies":[{"embeddable":true,"href":"https:\/\/archive.sana.sy\/tr\/index.php?rest_route=%2Fwp%2Fv2%2Fcomments&post=293819"}],"version-history":[{"count":4,"href":"https:\/\/archive.sana.sy\/tr\/index.php?rest_route=\/wp\/v2\/posts\/293819\/revisions"}],"predecessor-version":[{"id":293844,"href":"https:\/\/archive.sana.sy\/tr\/index.php?rest_route=\/wp\/v2\/posts\/293819\/revisions\/293844"}],"wp:featuredmedia":[{"embeddable":true,"href":"https:\/\/archive.sana.sy\/tr\/index.php?rest_route=\/wp\/v2\/media\/293820"}],"wp:attachment":[{"href":"https:\/\/archive.sana.sy\/tr\/index.php?rest_route=%2Fwp%2Fv2%2Fmedia&parent=293819"}],"wp:term":[{"taxonomy":"category","embeddable":true,"href":"https:\/\/archive.sana.sy\/tr\/index.php?rest_route=%2Fwp%2Fv2%2Fcategories&post=293819"},{"taxonomy":"post_tag","embeddable":true,"href":"https:\/\/archive.sana.sy\/tr\/index.php?rest_route=%2Fwp%2Fv2%2Ftags&post=293819"}],"curies":[{"name":"wp","href":"https:\/\/api.w.org\/{rel}","templated":true}]}}