{"id":293846,"date":"2023-12-21T17:49:10","date_gmt":"2023-12-21T14:49:10","guid":{"rendered":"https:\/\/sana.sy\/tr\/?p=293846"},"modified":"2023-12-24T10:11:17","modified_gmt":"2023-12-24T07:11:17","slug":"isgalci-abd-suriyenin-milli-servetini-yagmalamaya-devam-ediyor","status":"publish","type":"post","link":"https:\/\/archive.sana.sy\/tr\/?p=293846","title":{"rendered":"\u0130\u015fgalci ABD Suriye&#8217;nin Milli Servetini Ya\u011fmalamaya Devam Ediyor"},"content":{"rendered":"<p style=\"text-align: justify;\"><strong>HASEKE Aral\u0131k 2023 (SANA) &#8211;<\/strong> Amerikan i\u015fgali yeni bir miktar Suriye&#8217;nin petrol\u00fcn\u00fc \u00e7alarak yasa d\u0131\u015f\u0131 ge\u00e7i\u015flerden Irak topraklar\u0131ndaki \u00fcslerine ta\u015f\u0131d\u0131.<\/p>\n<p style=\"text-align: justify;\">Yarubiye k\u0131rsal\u0131ndaki yerel kaynaklar SANA muhabirine, \u00e7al\u0131nt\u0131 petrol y\u00fckl\u00fc 44 tankerden olu\u015fan bir ABD i\u015fgal konvoyunun yasad\u0131\u015f\u0131 Mahmudiye ge\u00e7i\u015finden Irak topraklar\u0131ndaki i\u015fgal \u00fcslerine do\u011fru yola \u00e7\u0131kt\u0131\u011f\u0131n\u0131 s\u00f6yledi.<\/p>\n<p style=\"text-align: left;\">Bu ay\u0131n 17&#8217;sinde Amerikan i\u015fgali, Suriye Cezire&#8217;sinde i\u015fgal etti\u011fi b\u00f6lgelerden 95 tanker ve kamyon dolusu petrol ve tah\u0131l \u00e7alm\u0131\u015ft\u0131<\/p>\n<p style=\"text-align: center;\"><strong><a href=\"https:\/\/t.me\/SuriyeArapHaberAjansI\">Telegram Kanal\u0131m\u0131z\u00a0<\/a>||<a href=\"https:\/\/twitter.com\/arap_ajans\">X Platformumuz\u00a0<\/a>||<a href=\"https:\/\/www.facebook.com\/SANAHaberAjansi\/\">Facebook Sayfam\u0131z<\/a><\/strong><\/p>\n","protected":false},"excerpt":{"rendered":"<p>HASEKE Aral\u0131k 2023 (SANA) &#8211; Amerikan i\u015fgali yeni bir miktar Suriye&#8217;nin petrol\u00fcn\u00fc \u00e7alarak yasa d\u0131\u015f\u0131 ge\u00e7i\u015flerden Irak topraklar\u0131ndaki \u00fcslerine ta\u015f\u0131d\u0131. Yarubiye k\u0131rsal\u0131ndaki yerel kaynaklar SANA muhabirine, \u00e7al\u0131nt\u0131 petrol y\u00fckl\u00fc 44 tankerden olu\u015fan bir ABD i\u015fgal konvoyunun yasad\u0131\u015f\u0131 Mahmudiye ge\u00e7i\u015finden Irak topraklar\u0131ndaki i\u015fgal \u00fcslerine do\u011fru yola \u00e7\u0131kt\u0131\u011f\u0131n\u0131 s\u00f6yledi. Bu ay\u0131n 17&#8217;sinde Amerikan i\u015fgali, Suriye Cezire&#8217;sinde i\u015fgal &hellip;<\/p>\n","protected":false},"author":1,"featured_media":293847,"comment_status":"closed","ping_status":"closed","sticky":false,"template":"","format":"standard","meta":{"footnotes":""},"categories":[479,17988,478],"tags":[],"class_list":["post-293846","post","type-post","status-publish","format-standard","has-post-thumbnail","","category-haberler-yerel","category-son-haberler","category-yerel"],"_links":{"self":[{"href":"https:\/\/archive.sana.sy\/tr\/index.php?rest_route=\/wp\/v2\/posts\/293846","targetHints":{"allow":["GET"]}}],"collection":[{"href":"https:\/\/archive.sana.sy\/tr\/index.php?rest_route=\/wp\/v2\/posts"}],"about":[{"href":"https:\/\/archive.sana.sy\/tr\/index.php?rest_route=\/wp\/v2\/types\/post"}],"author":[{"embeddable":true,"href":"https:\/\/archive.sana.sy\/tr\/index.php?rest_route=\/wp\/v2\/users\/1"}],"replies":[{"embeddable":true,"href":"https:\/\/archive.sana.sy\/tr\/index.php?rest_route=%2Fwp%2Fv2%2Fcomments&post=293846"}],"version-history":[{"count":3,"href":"https:\/\/archive.sana.sy\/tr\/index.php?rest_route=\/wp\/v2\/posts\/293846\/revisions"}],"predecessor-version":[{"id":293852,"href":"https:\/\/archive.sana.sy\/tr\/index.php?rest_route=\/wp\/v2\/posts\/293846\/revisions\/293852"}],"wp:featuredmedia":[{"embeddable":true,"href":"https:\/\/archive.sana.sy\/tr\/index.php?rest_route=\/wp\/v2\/media\/293847"}],"wp:attachment":[{"href":"https:\/\/archive.sana.sy\/tr\/index.php?rest_route=%2Fwp%2Fv2%2Fmedia&parent=293846"}],"wp:term":[{"taxonomy":"category","embeddable":true,"href":"https:\/\/archive.sana.sy\/tr\/index.php?rest_route=%2Fwp%2Fv2%2Fcategories&post=293846"},{"taxonomy":"post_tag","embeddable":true,"href":"https:\/\/archive.sana.sy\/tr\/index.php?rest_route=%2Fwp%2Fv2%2Ftags&post=293846"}],"curies":[{"name":"wp","href":"https:\/\/api.w.org\/{rel}","templated":true}]}}