{"id":293851,"date":"2023-12-21T23:49:28","date_gmt":"2023-12-21T20:49:28","guid":{"rendered":"https:\/\/sana.sy\/tr\/?p=293851"},"modified":"2023-12-23T12:14:18","modified_gmt":"2023-12-23T09:14:18","slug":"cumhurbaskani-esad-lavrentiev-ile-ikili-iliskileri-ve-suriye-ile-rusya-arasindaki-ortak-isbirligini-gorustu","status":"publish","type":"post","link":"https:\/\/archive.sana.sy\/tr\/?p=293851","title":{"rendered":"Cumhurba\u015fkan\u0131 Esad, Lavrentiev \u0130le \u0130kili \u0130li\u015fkileri Ve Suriye \u0130le Rusya Aras\u0131ndaki Ortak \u0130\u015fbirli\u011fini G\u00f6r\u00fc\u015ft\u00fc"},"content":{"rendered":"<p><strong>\u015eAM 21 ARALIK (SANA)<\/strong> \u2013 Say\u0131n Cumhurba\u015fkan\u0131 Be\u015f\u015far Esad, Rusya Federasyonu Cumhurba\u015fkan\u0131&#8217;n\u0131n \u00f6zel temsilcisi Alexander Lavrentiev ile Suriye ve Rusya aras\u0131ndaki ikili ili\u015fkiler ve ortak i\u015f birli\u011fini, iki dost \u00fclke ve halk\u0131n \u00e7\u0131karlar\u0131na hizmet eden t\u00fcm alanlarda bunu geli\u015ftirmeye y\u00f6nelik mekanizmalar\u0131 g\u00f6r\u00fc\u015ft\u00fc.<\/p>\n<p>G\u00f6r\u00fc\u015fmede ayr\u0131ca, b\u00f6lgesel ve uluslararas\u0131 arenadaki yeni geli\u015fmeler de ele al\u0131nd\u0131.<\/p>\n<p style=\"text-align: center;\"><strong><a href=\"https:\/\/t.me\/SuriyeArapHaberAjansI\">Telegram Kanal\u0131m\u0131z\u00a0<\/a>||<a href=\"https:\/\/twitter.com\/arap_ajans\">X Platformumuz\u00a0<\/a>||<a href=\"https:\/\/www.facebook.com\/SANAHaberAjansi\/\">Facebook Sayfam\u0131z<\/a><\/strong><\/p>\n","protected":false},"excerpt":{"rendered":"<p>\u015eAM 21 ARALIK (SANA) \u2013 Say\u0131n Cumhurba\u015fkan\u0131 Be\u015f\u015far Esad, Rusya Federasyonu Cumhurba\u015fkan\u0131&#8217;n\u0131n \u00f6zel temsilcisi Alexander Lavrentiev ile Suriye ve Rusya aras\u0131ndaki ikili ili\u015fkiler ve ortak i\u015f birli\u011fini, iki dost \u00fclke ve halk\u0131n \u00e7\u0131karlar\u0131na hizmet eden t\u00fcm alanlarda bunu geli\u015ftirmeye y\u00f6nelik mekanizmalar\u0131 g\u00f6r\u00fc\u015ft\u00fc. G\u00f6r\u00fc\u015fmede ayr\u0131ca, b\u00f6lgesel ve uluslararas\u0131 arenadaki yeni geli\u015fmeler de ele al\u0131nd\u0131. Telegram Kanal\u0131m\u0131z\u00a0||X &hellip;<\/p>\n","protected":false},"author":36,"featured_media":293853,"comment_status":"closed","ping_status":"closed","sticky":false,"template":"","format":"standard","meta":{"footnotes":""},"categories":[606,605,17988],"tags":[],"class_list":["post-293851","post","type-post","status-publish","format-standard","has-post-thumbnail","","category-cumhurbaskani","category-sayin-cumhurbaskani","category-son-haberler"],"_links":{"self":[{"href":"https:\/\/archive.sana.sy\/tr\/index.php?rest_route=\/wp\/v2\/posts\/293851","targetHints":{"allow":["GET"]}}],"collection":[{"href":"https:\/\/archive.sana.sy\/tr\/index.php?rest_route=\/wp\/v2\/posts"}],"about":[{"href":"https:\/\/archive.sana.sy\/tr\/index.php?rest_route=\/wp\/v2\/types\/post"}],"author":[{"embeddable":true,"href":"https:\/\/archive.sana.sy\/tr\/index.php?rest_route=\/wp\/v2\/users\/36"}],"replies":[{"embeddable":true,"href":"https:\/\/archive.sana.sy\/tr\/index.php?rest_route=%2Fwp%2Fv2%2Fcomments&post=293851"}],"version-history":[{"count":1,"href":"https:\/\/archive.sana.sy\/tr\/index.php?rest_route=\/wp\/v2\/posts\/293851\/revisions"}],"predecessor-version":[{"id":293854,"href":"https:\/\/archive.sana.sy\/tr\/index.php?rest_route=\/wp\/v2\/posts\/293851\/revisions\/293854"}],"wp:featuredmedia":[{"embeddable":true,"href":"https:\/\/archive.sana.sy\/tr\/index.php?rest_route=\/wp\/v2\/media\/293853"}],"wp:attachment":[{"href":"https:\/\/archive.sana.sy\/tr\/index.php?rest_route=%2Fwp%2Fv2%2Fmedia&parent=293851"}],"wp:term":[{"taxonomy":"category","embeddable":true,"href":"https:\/\/archive.sana.sy\/tr\/index.php?rest_route=%2Fwp%2Fv2%2Fcategories&post=293851"},{"taxonomy":"post_tag","embeddable":true,"href":"https:\/\/archive.sana.sy\/tr\/index.php?rest_route=%2Fwp%2Fv2%2Ftags&post=293851"}],"curies":[{"name":"wp","href":"https:\/\/api.w.org\/{rel}","templated":true}]}}