{"id":293855,"date":"2023-12-22T09:59:46","date_gmt":"2023-12-22T06:59:46","guid":{"rendered":"https:\/\/sana.sy\/tr\/?p=293855"},"modified":"2023-12-24T10:11:22","modified_gmt":"2023-12-24T07:11:22","slug":"israilin-gazzeye-saldirisi-sonucu-onlarca-filistinli-hayatini-kaybetti-ve-yaralandi","status":"publish","type":"post","link":"https:\/\/archive.sana.sy\/tr\/?p=293855","title":{"rendered":"\u0130srail&#8217;in Gazze&#8217;ye Sald\u0131r\u0131s\u0131 Sonucu Onlarca Filistinli Hayat\u0131n\u0131 Kaybetti ve Yaraland\u0131"},"content":{"rendered":"<p><strong>\u0130\u015eGAL ED\u0130LEN KUD\u00dcS 22 Aral\u0131k 2023 (SANA) \u2013 <\/strong>\u0130srail&#8217;in Gazze \u015eeridi&#8217;nde 77 g\u00fcnd\u00fcr devam eden sald\u0131rganl\u0131\u011f\u0131 sonucu bu gece onlarca Filistinli hayat\u0131n\u0131 kaybetti ve yaraland\u0131.<\/p>\n<p>Filistin medyas\u0131, Gazze \u015eeridi&#8217;nin g\u00fcneyinde Han Yunus&#8217;un do\u011fusundaki bir eve d\u00fczenlenen i\u015fgal hava sald\u0131r\u0131s\u0131nda 6 Filistinlinin \u015fehit d\u00fc\u015ft\u00fc\u011f\u00fcn\u00fc, di\u011ferlerinin de yaraland\u0131\u011f\u0131n\u0131 belirtirken, Han Yunus kentine y\u00f6nelik yo\u011fun i\u015fgal top\u00e7u bombard\u0131man\u0131 sonucu \u00e7ok say\u0131da ki\u015fi \u015fehit d\u00fc\u015ft\u00fc\u011f\u00fcne ve yaraland\u0131\u011f\u0131na i\u015faret etti.<\/p>\n<p>Gazze \u015eeridi&#8217;nin merkezindeki Nuseyrat kamp\u0131na d\u00fczenlenen yo\u011fun bask\u0131nlar sonucu aralar\u0131nda \u00e7ocuklar\u0131n da bulundu\u011fu 7 Filistinli hayat\u0131n\u0131 kaybetti, baz\u0131lar\u0131 da yaraland\u0131.<\/p>\n<p>Gazze \u015eeridi&#8217;nin kuzeyindeki Cebeliye kamp\u0131nda yerinden edilmi\u015f ki\u015filerin bar\u0131nd\u0131\u011f\u0131 bir eve d\u00fczenlenen i\u015fgal hava sald\u0131r\u0131s\u0131nda bir \u00e7ocuk da \u015fehit d\u00fc\u015ft\u00fc, \u00e7ok say\u0131da ki\u015fi de yaraland\u0131.<\/p>\n<p>Ayr\u0131ca kurtarma ve ambulans ekiplerinin Cebeliye il\u00e7esinde 9 \u015fehidin cenazesine ula\u015fmas\u0131yla, kasaba ve kampta son 24 saatte \u00f6lenlerin say\u0131s\u0131 30 \u015fehit ve onlarca yaral\u0131ya ula\u015ft\u0131.<\/p>\n<p style=\"text-align: center;\"><strong><a href=\"https:\/\/t.me\/SuriyeArapHaberAjansI\">Telegram Kanal\u0131m\u0131z\u00a0<\/a>||<a href=\"https:\/\/twitter.com\/arap_ajans\">X Platformumuz\u00a0<\/a>||<a href=\"https:\/\/www.facebook.com\/SANAHaberAjansi\/\">Facebook Sayfam\u0131z<\/a><\/strong><\/p>\n","protected":false},"excerpt":{"rendered":"<p>\u0130\u015eGAL ED\u0130LEN KUD\u00dcS 22 Aral\u0131k 2023 (SANA) \u2013 \u0130srail&#8217;in Gazze \u015eeridi&#8217;nde 77 g\u00fcnd\u00fcr devam eden sald\u0131rganl\u0131\u011f\u0131 sonucu bu gece onlarca Filistinli hayat\u0131n\u0131 kaybetti ve yaraland\u0131. Filistin medyas\u0131, Gazze \u015eeridi&#8217;nin g\u00fcneyinde Han Yunus&#8217;un do\u011fusundaki bir eve d\u00fczenlenen i\u015fgal hava sald\u0131r\u0131s\u0131nda 6 Filistinlinin \u015fehit d\u00fc\u015ft\u00fc\u011f\u00fcn\u00fc, di\u011ferlerinin de yaraland\u0131\u011f\u0131n\u0131 belirtirken, Han Yunus kentine y\u00f6nelik yo\u011fun i\u015fgal top\u00e7u bombard\u0131man\u0131 &hellip;<\/p>\n","protected":false},"author":36,"featured_media":293856,"comment_status":"closed","ping_status":"closed","sticky":false,"template":"","format":"standard","meta":{"footnotes":""},"categories":[458,459,17988],"tags":[],"class_list":["post-293855","post","type-post","status-publish","format-standard","has-post-thumbnail","","category-dunya1","category-haberler-arap-uluslararasi-politika","category-son-haberler"],"_links":{"self":[{"href":"https:\/\/archive.sana.sy\/tr\/index.php?rest_route=\/wp\/v2\/posts\/293855","targetHints":{"allow":["GET"]}}],"collection":[{"href":"https:\/\/archive.sana.sy\/tr\/index.php?rest_route=\/wp\/v2\/posts"}],"about":[{"href":"https:\/\/archive.sana.sy\/tr\/index.php?rest_route=\/wp\/v2\/types\/post"}],"author":[{"embeddable":true,"href":"https:\/\/archive.sana.sy\/tr\/index.php?rest_route=\/wp\/v2\/users\/36"}],"replies":[{"embeddable":true,"href":"https:\/\/archive.sana.sy\/tr\/index.php?rest_route=%2Fwp%2Fv2%2Fcomments&post=293855"}],"version-history":[{"count":1,"href":"https:\/\/archive.sana.sy\/tr\/index.php?rest_route=\/wp\/v2\/posts\/293855\/revisions"}],"predecessor-version":[{"id":293857,"href":"https:\/\/archive.sana.sy\/tr\/index.php?rest_route=\/wp\/v2\/posts\/293855\/revisions\/293857"}],"wp:featuredmedia":[{"embeddable":true,"href":"https:\/\/archive.sana.sy\/tr\/index.php?rest_route=\/wp\/v2\/media\/293856"}],"wp:attachment":[{"href":"https:\/\/archive.sana.sy\/tr\/index.php?rest_route=%2Fwp%2Fv2%2Fmedia&parent=293855"}],"wp:term":[{"taxonomy":"category","embeddable":true,"href":"https:\/\/archive.sana.sy\/tr\/index.php?rest_route=%2Fwp%2Fv2%2Fcategories&post=293855"},{"taxonomy":"post_tag","embeddable":true,"href":"https:\/\/archive.sana.sy\/tr\/index.php?rest_route=%2Fwp%2Fv2%2Ftags&post=293855"}],"curies":[{"name":"wp","href":"https:\/\/api.w.org\/{rel}","templated":true}]}}