{"id":293858,"date":"2023-12-22T10:33:45","date_gmt":"2023-12-22T07:33:45","guid":{"rendered":"https:\/\/sana.sy\/tr\/?p=293858"},"modified":"2023-12-23T11:48:48","modified_gmt":"2023-12-23T08:48:48","slug":"aksa-tufani-operasyonunda-one-cikan-gelismeleri-9","status":"publish","type":"post","link":"https:\/\/archive.sana.sy\/tr\/?p=293858","title":{"rendered":"Aksa Tufan\u0131 Operasyonunda \u00d6ne \u00c7\u0131kan Geli\u015fmeleri"},"content":{"rendered":"<p><strong>\u0130\u015eGAL ED\u0130LEN KUD\u00dcS 22 Aral\u0131k 2023 (SANA) \u2013 <\/strong>Filistin direni\u015finin \u0130srail i\u015fgalinin sald\u0131r\u0131lar\u0131na yan\u0131t olarak ba\u015flatt\u0131\u011f\u0131 Aksa Tufan\u0131 Operasyonunda \u00f6ne \u00e7\u0131kan geli\u015fmeler:<\/p>\n<ul>\n<li>Filistin Sa\u011fl\u0131k Bakanl\u0131\u011f\u0131: Gazze&#8217;de son 48 saatte 390 \u015fehit ve 734 yaral\u0131, ge\u00e7en Ekim&#8217;in 7&#8217;sinden bu yana \u0130srail sald\u0131rganl\u0131\u011f\u0131n\u0131n kurbanlar\u0131n\u0131n say\u0131s\u0131n\u0131 20.057 \u015fehit ve 53.320 yaral\u0131ya \u00e7\u0131kard\u0131.<\/li>\n<li>\u0130srail i\u015fgal ordusu, Gazze \u015eeridi&#8217;nin kuzey ve g\u00fcneyinde Filistin direni\u015fiyle \u00e7\u0131kan \u00e7at\u0131\u015fmalarda iki askerinin \u00f6ld\u00fcr\u00fcld\u00fc\u011f\u00fcn\u00fc, \u00fc\u00e7 askerinin de yaraland\u0131\u011f\u0131n\u0131 kabul etti.<\/li>\n<\/ul>\n<p style=\"text-align: center;\"><strong><a href=\"https:\/\/t.me\/SuriyeArapHaberAjansI\">Telegram Kanal\u0131m\u0131z\u00a0<\/a>||<a href=\"https:\/\/twitter.com\/arap_ajans\">X Platformumuz\u00a0<\/a>||<a href=\"https:\/\/www.facebook.com\/SANAHaberAjansi\/\">Facebook Sayfam\u0131z<\/a><\/strong><\/p>\n","protected":false},"excerpt":{"rendered":"<p>\u0130\u015eGAL ED\u0130LEN KUD\u00dcS 22 Aral\u0131k 2023 (SANA) \u2013 Filistin direni\u015finin \u0130srail i\u015fgalinin sald\u0131r\u0131lar\u0131na yan\u0131t olarak ba\u015flatt\u0131\u011f\u0131 Aksa Tufan\u0131 Operasyonunda \u00f6ne \u00e7\u0131kan geli\u015fmeler: Filistin Sa\u011fl\u0131k Bakanl\u0131\u011f\u0131: Gazze&#8217;de son 48 saatte 390 \u015fehit ve 734 yaral\u0131, ge\u00e7en Ekim&#8217;in 7&#8217;sinden bu yana \u0130srail sald\u0131rganl\u0131\u011f\u0131n\u0131n kurbanlar\u0131n\u0131n say\u0131s\u0131n\u0131 20.057 \u015fehit ve 53.320 yaral\u0131ya \u00e7\u0131kard\u0131. \u0130srail i\u015fgal ordusu, Gazze \u015eeridi&#8217;nin kuzey &hellip;<\/p>\n","protected":false},"author":36,"featured_media":293859,"comment_status":"closed","ping_status":"closed","sticky":false,"template":"","format":"standard","meta":{"footnotes":""},"categories":[458,459,17988],"tags":[],"class_list":["post-293858","post","type-post","status-publish","format-standard","has-post-thumbnail","","category-dunya1","category-haberler-arap-uluslararasi-politika","category-son-haberler"],"_links":{"self":[{"href":"https:\/\/archive.sana.sy\/tr\/index.php?rest_route=\/wp\/v2\/posts\/293858","targetHints":{"allow":["GET"]}}],"collection":[{"href":"https:\/\/archive.sana.sy\/tr\/index.php?rest_route=\/wp\/v2\/posts"}],"about":[{"href":"https:\/\/archive.sana.sy\/tr\/index.php?rest_route=\/wp\/v2\/types\/post"}],"author":[{"embeddable":true,"href":"https:\/\/archive.sana.sy\/tr\/index.php?rest_route=\/wp\/v2\/users\/36"}],"replies":[{"embeddable":true,"href":"https:\/\/archive.sana.sy\/tr\/index.php?rest_route=%2Fwp%2Fv2%2Fcomments&post=293858"}],"version-history":[{"count":2,"href":"https:\/\/archive.sana.sy\/tr\/index.php?rest_route=\/wp\/v2\/posts\/293858\/revisions"}],"predecessor-version":[{"id":293885,"href":"https:\/\/archive.sana.sy\/tr\/index.php?rest_route=\/wp\/v2\/posts\/293858\/revisions\/293885"}],"wp:featuredmedia":[{"embeddable":true,"href":"https:\/\/archive.sana.sy\/tr\/index.php?rest_route=\/wp\/v2\/media\/293859"}],"wp:attachment":[{"href":"https:\/\/archive.sana.sy\/tr\/index.php?rest_route=%2Fwp%2Fv2%2Fmedia&parent=293858"}],"wp:term":[{"taxonomy":"category","embeddable":true,"href":"https:\/\/archive.sana.sy\/tr\/index.php?rest_route=%2Fwp%2Fv2%2Fcategories&post=293858"},{"taxonomy":"post_tag","embeddable":true,"href":"https:\/\/archive.sana.sy\/tr\/index.php?rest_route=%2Fwp%2Fv2%2Ftags&post=293858"}],"curies":[{"name":"wp","href":"https:\/\/api.w.org\/{rel}","templated":true}]}}