{"id":293935,"date":"2023-12-24T11:54:29","date_gmt":"2023-12-24T08:54:29","guid":{"rendered":"https:\/\/sana.sy\/tr\/?p=293935"},"modified":"2023-12-29T09:25:47","modified_gmt":"2023-12-29T06:25:47","slug":"enerji-alaninda-is-birligini-gelistirmek-icin-suriye-irak-gorusmeleri","status":"publish","type":"post","link":"https:\/\/archive.sana.sy\/tr\/?p=293935","title":{"rendered":"Enerji Alan\u0131nda \u0130\u015f Birli\u011fini Geli\u015ftirmek \u0130\u00e7in Suriye-Irak G\u00f6r\u00fc\u015fmeleri"},"content":{"rendered":"<p style=\"text-align: justify;\"><strong>BA\u011eDAT 24 Aral\u0131k 2023 (SANA)<\/strong> \u2013Irak Elektrik Bakan\u0131 Ziyad Ali Fadel ve Suriye&#8217;nin Ba\u011fdat B\u00fcy\u00fckel\u00e7isi Sattam Cadan El Dandah, elektrik enerjisi sekt\u00f6r\u00fcnde ikili i\u015f birli\u011fini geli\u015ftirmenin yollar\u0131n\u0131 g\u00f6r\u00fc\u015ft\u00fc.<\/p>\n<p style=\"text-align: justify;\">Irak Elektrik Bakanl\u0131\u011f\u0131 medya ofisi, bir kopyas\u0131 SANA&#8217;ya ula\u015fan bir a\u00e7\u0131klamada, &#8220;g\u00f6r\u00fc\u015fmelerde enerji sekt\u00f6r\u00fcnde iyile\u015ftirmeler sa\u011flamak ve her iki \u00fclkede s\u00fcrd\u00fcr\u00fclebilirli\u011fini sa\u011flamak i\u00e7in ortak stratejik planlar geli\u015ftirilmesi \u00fczerinde duruldu&#8221; diyerek, iki taraf, b\u00f6lgede istikrar ve kalk\u0131nman\u0131n peki\u015ftirilmesi amac\u0131yla , elektrik kapasitesinin art\u0131r\u0131lmas\u0131 ve enerjide kendi kendine yeterlili\u011fin sa\u011flanmas\u0131 amac\u0131yla deneyim al\u0131\u015fveri\u015finde bulunulmas\u0131 ve ortak projeler uygulanmas\u0131 konusunda mutabakata vard\u0131\u011f\u0131na dikkat \u00e7ekildi.<\/p>\n<p style=\"text-align: justify;\">B\u00fcy\u00fckel\u00e7i Dandah, Ba\u011fdat&#8217;taki SANA muhabirine yapt\u0131\u011f\u0131 a\u00e7\u0131klamada, &#8220;G\u00f6r\u00fc\u015fmede, Suriye ve Irak olmak \u00fczere iki \u00fclkeyi bir araya getiren se\u00e7kin karde\u015flik ve tarihi ili\u015fkilerin derinli\u011fi ile ikili ili\u015fkileri geli\u015ftirip en \u00fcst seviyelere \u00e7\u0131karma iste\u011fi vurguland\u0131&#8221; dedi.<\/p>\n<p style=\"text-align: justify;\">B\u00fcy\u00fckel\u00e7i Dandah, g\u00f6r\u00fc\u015fmelerin El Bukemal El Kaim b\u00f6lgesindeki iki karde\u015f \u00fclke aras\u0131ndaki elektrik ba\u011flant\u0131 anla\u015fmas\u0131n\u0131n tamamlanmas\u0131n\u0131n yan\u0131 s\u0131ra ziyaretler yoluyla enerji alanlar\u0131nda deneyim al\u0131\u015fveri\u015finde bulunulmas\u0131 ve gerekli \u00e7al\u0131\u015fmalar\u0131n haz\u0131rlanmas\u0131 olanaklar\u0131n\u0131n ilgili oldu\u011funu a\u00e7\u0131klad\u0131.<\/p>\n<p style=\"text-align: center;\"><strong><a href=\"https:\/\/t.me\/SuriyeArapHaberAjansI\">Telegram Kanal\u0131m\u0131z\u00a0<\/a>||<a href=\"https:\/\/twitter.com\/arap_ajans\">X Platformumuz\u00a0<\/a>||<a href=\"https:\/\/www.facebook.com\/SANAHaberAjansi\/\">Facebook Sayfam\u0131z<\/a><\/strong><\/p>\n","protected":false},"excerpt":{"rendered":"<p>BA\u011eDAT 24 Aral\u0131k 2023 (SANA) \u2013Irak Elektrik Bakan\u0131 Ziyad Ali Fadel ve Suriye&#8217;nin Ba\u011fdat B\u00fcy\u00fckel\u00e7isi Sattam Cadan El Dandah, elektrik enerjisi sekt\u00f6r\u00fcnde ikili i\u015f birli\u011fini geli\u015ftirmenin yollar\u0131n\u0131 g\u00f6r\u00fc\u015ft\u00fc. Irak Elektrik Bakanl\u0131\u011f\u0131 medya ofisi, bir kopyas\u0131 SANA&#8217;ya ula\u015fan bir a\u00e7\u0131klamada, &#8220;g\u00f6r\u00fc\u015fmelerde enerji sekt\u00f6r\u00fcnde iyile\u015ftirmeler sa\u011flamak ve her iki \u00fclkede s\u00fcrd\u00fcr\u00fclebilirli\u011fini sa\u011flamak i\u00e7in ortak stratejik planlar geli\u015ftirilmesi &hellip;<\/p>\n","protected":false},"author":39,"featured_media":293936,"comment_status":"closed","ping_status":"closed","sticky":false,"template":"","format":"standard","meta":{"footnotes":""},"categories":[458,459,17988],"tags":[],"class_list":["post-293935","post","type-post","status-publish","format-standard","has-post-thumbnail","","category-dunya1","category-haberler-arap-uluslararasi-politika","category-son-haberler"],"_links":{"self":[{"href":"https:\/\/archive.sana.sy\/tr\/index.php?rest_route=\/wp\/v2\/posts\/293935","targetHints":{"allow":["GET"]}}],"collection":[{"href":"https:\/\/archive.sana.sy\/tr\/index.php?rest_route=\/wp\/v2\/posts"}],"about":[{"href":"https:\/\/archive.sana.sy\/tr\/index.php?rest_route=\/wp\/v2\/types\/post"}],"author":[{"embeddable":true,"href":"https:\/\/archive.sana.sy\/tr\/index.php?rest_route=\/wp\/v2\/users\/39"}],"replies":[{"embeddable":true,"href":"https:\/\/archive.sana.sy\/tr\/index.php?rest_route=%2Fwp%2Fv2%2Fcomments&post=293935"}],"version-history":[{"count":1,"href":"https:\/\/archive.sana.sy\/tr\/index.php?rest_route=\/wp\/v2\/posts\/293935\/revisions"}],"predecessor-version":[{"id":293937,"href":"https:\/\/archive.sana.sy\/tr\/index.php?rest_route=\/wp\/v2\/posts\/293935\/revisions\/293937"}],"wp:featuredmedia":[{"embeddable":true,"href":"https:\/\/archive.sana.sy\/tr\/index.php?rest_route=\/wp\/v2\/media\/293936"}],"wp:attachment":[{"href":"https:\/\/archive.sana.sy\/tr\/index.php?rest_route=%2Fwp%2Fv2%2Fmedia&parent=293935"}],"wp:term":[{"taxonomy":"category","embeddable":true,"href":"https:\/\/archive.sana.sy\/tr\/index.php?rest_route=%2Fwp%2Fv2%2Fcategories&post=293935"},{"taxonomy":"post_tag","embeddable":true,"href":"https:\/\/archive.sana.sy\/tr\/index.php?rest_route=%2Fwp%2Fv2%2Ftags&post=293935"}],"curies":[{"name":"wp","href":"https:\/\/api.w.org\/{rel}","templated":true}]}}