{"id":293965,"date":"2023-12-24T11:50:23","date_gmt":"2023-12-24T08:50:23","guid":{"rendered":"https:\/\/sana.sy\/tr\/?p=293965"},"modified":"2023-12-29T09:25:44","modified_gmt":"2023-12-29T06:25:44","slug":"rus-gucleri-kubyansk-yakinlarinda-ukrayna-askeri-techizatini-imha-etti","status":"publish","type":"post","link":"https:\/\/archive.sana.sy\/tr\/?p=293965","title":{"rendered":"Rus G\u00fc\u00e7leri Kubyansk Yak\u0131nlar\u0131nda Ukrayna Askeri Te\u00e7hizat\u0131n\u0131 \u0130mha Etti"},"content":{"rendered":"<p style=\"text-align: justify;\"><strong>MOSKOVA 24 Aral\u0131k 2023 (SANA)<\/strong> \u2013 Rus g\u00fc\u00e7leri Kubyansk ekseninde Ukrayna askeri te\u00e7hizat\u0131n\u0131 ve ula\u015f\u0131m\u0131n\u0131 imha etti.<\/p>\n<p style=\"text-align: justify;\">Sputnik haber ajans\u0131n\u0131n aktard\u0131\u011f\u0131na g\u00f6re, Rusya Savunma Bakanl\u0131\u011f\u0131\u00a0 yapt\u0131\u011f\u0131 a\u00e7\u0131klamada, Rus ordusundaki (Bat\u0131) Birinci Muhaf\u0131z Grubuna ba\u011fl\u0131 g\u00fc\u00e7ler, Kubyansk y\u00f6n\u00fcnde Ukrayna kuvvetlerine ait bir askeri nakliye kamyonunu imha etti&#8221; diyerek, Ukrayna g\u00fc\u00e7lerinin askeri kamyonu mevzilere m\u00fchimmat ve g\u0131da malzemesi ta\u015f\u0131mak i\u00e7in kulland\u0131\u011f\u0131na dikkati \u00e7ekti.<\/p>\n<p style=\"text-align: center;\"><strong><a href=\"https:\/\/t.me\/SuriyeArapHaberAjansI\">Telegram Kanal\u0131m\u0131z\u00a0<\/a>||<a href=\"https:\/\/twitter.com\/arap_ajans\">X Platformumuz\u00a0<\/a>||<a href=\"https:\/\/www.facebook.com\/SANAHaberAjansi\/\">Facebook Sayfam\u0131z<\/a><\/strong><\/p>\n","protected":false},"excerpt":{"rendered":"<p>MOSKOVA 24 Aral\u0131k 2023 (SANA) \u2013 Rus g\u00fc\u00e7leri Kubyansk ekseninde Ukrayna askeri te\u00e7hizat\u0131n\u0131 ve ula\u015f\u0131m\u0131n\u0131 imha etti. Sputnik haber ajans\u0131n\u0131n aktard\u0131\u011f\u0131na g\u00f6re, Rusya Savunma Bakanl\u0131\u011f\u0131\u00a0 yapt\u0131\u011f\u0131 a\u00e7\u0131klamada, Rus ordusundaki (Bat\u0131) Birinci Muhaf\u0131z Grubuna ba\u011fl\u0131 g\u00fc\u00e7ler, Kubyansk y\u00f6n\u00fcnde Ukrayna kuvvetlerine ait bir askeri nakliye kamyonunu imha etti&#8221; diyerek, Ukrayna g\u00fc\u00e7lerinin askeri kamyonu mevzilere m\u00fchimmat ve g\u0131da &hellip;<\/p>\n","protected":false},"author":39,"featured_media":293966,"comment_status":"closed","ping_status":"closed","sticky":false,"template":"","format":"standard","meta":{"footnotes":""},"categories":[458,459,17988],"tags":[],"class_list":["post-293965","post","type-post","status-publish","format-standard","has-post-thumbnail","","category-dunya1","category-haberler-arap-uluslararasi-politika","category-son-haberler"],"_links":{"self":[{"href":"https:\/\/archive.sana.sy\/tr\/index.php?rest_route=\/wp\/v2\/posts\/293965","targetHints":{"allow":["GET"]}}],"collection":[{"href":"https:\/\/archive.sana.sy\/tr\/index.php?rest_route=\/wp\/v2\/posts"}],"about":[{"href":"https:\/\/archive.sana.sy\/tr\/index.php?rest_route=\/wp\/v2\/types\/post"}],"author":[{"embeddable":true,"href":"https:\/\/archive.sana.sy\/tr\/index.php?rest_route=\/wp\/v2\/users\/39"}],"replies":[{"embeddable":true,"href":"https:\/\/archive.sana.sy\/tr\/index.php?rest_route=%2Fwp%2Fv2%2Fcomments&post=293965"}],"version-history":[{"count":1,"href":"https:\/\/archive.sana.sy\/tr\/index.php?rest_route=\/wp\/v2\/posts\/293965\/revisions"}],"predecessor-version":[{"id":293967,"href":"https:\/\/archive.sana.sy\/tr\/index.php?rest_route=\/wp\/v2\/posts\/293965\/revisions\/293967"}],"wp:featuredmedia":[{"embeddable":true,"href":"https:\/\/archive.sana.sy\/tr\/index.php?rest_route=\/wp\/v2\/media\/293966"}],"wp:attachment":[{"href":"https:\/\/archive.sana.sy\/tr\/index.php?rest_route=%2Fwp%2Fv2%2Fmedia&parent=293965"}],"wp:term":[{"taxonomy":"category","embeddable":true,"href":"https:\/\/archive.sana.sy\/tr\/index.php?rest_route=%2Fwp%2Fv2%2Fcategories&post=293965"},{"taxonomy":"post_tag","embeddable":true,"href":"https:\/\/archive.sana.sy\/tr\/index.php?rest_route=%2Fwp%2Fv2%2Ftags&post=293965"}],"curies":[{"name":"wp","href":"https:\/\/api.w.org\/{rel}","templated":true}]}}