{"id":293971,"date":"2023-12-24T12:28:09","date_gmt":"2023-12-24T09:28:09","guid":{"rendered":"https:\/\/sana.sy\/tr\/?p=293971"},"modified":"2023-12-29T09:25:52","modified_gmt":"2023-12-29T06:25:52","slug":"lubnan-direnisi-disondaki-israil-dusman-mevzilerini-dogrudan-vurmayi-basardi","status":"publish","type":"post","link":"https:\/\/archive.sana.sy\/tr\/?p=293971","title":{"rendered":"L\u00fcbnan Direni\u015fi Di\u015fon&#8217;daki \u0130srail D\u00fc\u015fman Mevzilerini Do\u011frudan Vurmay\u0131 Ba\u015fard\u0131"},"content":{"rendered":"<p style=\"text-align: justify;\"><strong>BEYRUT 24 Aral\u0131k 2023 (SANA) \u2013<\/strong> L\u00fcbnan direni\u015fi bu sabah Filistin s\u0131n\u0131r\u0131ndaki &#8220;Di\u015fon&#8221;daki \u0130srail d\u00fc\u015fman\u0131 mevzilerini f\u00fcze silahlar\u0131yla hedef alarak do\u011frudan isabet elde etti.<\/p>\n<p style=\"text-align: justify;\">Direni\u015f yapt\u0131\u011f\u0131 a\u00e7\u0131klamada, &#8220;Gazze \u015eeridi&#8217;ndeki kararl\u0131 Filistin halklar\u0131m\u0131za ve yi\u011fit ve onurlu direni\u015fine destek olarak, direni\u015f sava\u015f\u00e7\u0131lar\u0131 bug\u00fcn sabah 7.30&#8217;da Di\u015fon&#8217;daki d\u00fc\u015fman mevzilerini f\u00fcze silahlar\u0131yla hedef alarak do\u011frudan vurdu&#8221; dedi.<\/p>\n<p style=\"text-align: justify;\">L\u00fcbnan Ulusal Haber Ajans\u0131, \u0130srail i\u015fgalinin g\u00fcney L\u00fcbnan&#8217;daki kasaba ve k\u00f6ylere y\u00f6nelik sald\u0131r\u0131lar\u0131n\u0131 s\u00fcrd\u00fcrd\u00fc\u011f\u00fcn\u00fc ve yerle\u015fim yerlerini hedef ald\u0131\u011f\u0131n\u0131, Aytarun kasabas\u0131ndaki bir eve hava ve top\u00e7u sald\u0131r\u0131s\u0131 d\u00fczenleyerek evi tamamen yok etti\u011fini ve birka\u00e7 can kayb\u0131na neden oldu\u011funu belirtti.<\/p>\n<p style=\"text-align: justify;\">D\u00fc\u015fman \u0130srail, D\u00fcn gece L\u00fcbnan s\u0131n\u0131r k\u00f6ylerine i\u015faret fi\u015fe\u011fi att\u0131 ve ke\u015fif u\u00e7aklar\u0131 Tire b\u00f6lgesi \u00fczerinde u\u00e7tu.<\/p>\n<p style=\"text-align: justify;\">\u015eafa\u011f\u0131n erken saatlerinde Aita El \u015eaab kasabas\u0131n\u0131n eteklerine makineli t\u00fcfeklerle ate\u015f a\u00e7t\u0131.<\/p>\n<p style=\"text-align: center;\"><strong><a href=\"https:\/\/t.me\/SuriyeArapHaberAjansI\">Telegram Kanal\u0131m\u0131z\u00a0<\/a>||<a href=\"https:\/\/twitter.com\/arap_ajans\">X Platformumuz\u00a0<\/a>||<a href=\"https:\/\/www.facebook.com\/SANAHaberAjansi\/\">Facebook Sayfam\u0131z<\/a><\/strong><\/p>\n","protected":false},"excerpt":{"rendered":"<p>BEYRUT 24 Aral\u0131k 2023 (SANA) \u2013 L\u00fcbnan direni\u015fi bu sabah Filistin s\u0131n\u0131r\u0131ndaki &#8220;Di\u015fon&#8221;daki \u0130srail d\u00fc\u015fman\u0131 mevzilerini f\u00fcze silahlar\u0131yla hedef alarak do\u011frudan isabet elde etti. Direni\u015f yapt\u0131\u011f\u0131 a\u00e7\u0131klamada, &#8220;Gazze \u015eeridi&#8217;ndeki kararl\u0131 Filistin halklar\u0131m\u0131za ve yi\u011fit ve onurlu direni\u015fine destek olarak, direni\u015f sava\u015f\u00e7\u0131lar\u0131 bug\u00fcn sabah 7.30&#8217;da Di\u015fon&#8217;daki d\u00fc\u015fman mevzilerini f\u00fcze silahlar\u0131yla hedef alarak do\u011frudan vurdu&#8221; dedi. L\u00fcbnan &hellip;<\/p>\n","protected":false},"author":39,"featured_media":293972,"comment_status":"closed","ping_status":"closed","sticky":false,"template":"","format":"standard","meta":{"footnotes":""},"categories":[458,459,17988],"tags":[],"class_list":["post-293971","post","type-post","status-publish","format-standard","has-post-thumbnail","","category-dunya1","category-haberler-arap-uluslararasi-politika","category-son-haberler"],"_links":{"self":[{"href":"https:\/\/archive.sana.sy\/tr\/index.php?rest_route=\/wp\/v2\/posts\/293971","targetHints":{"allow":["GET"]}}],"collection":[{"href":"https:\/\/archive.sana.sy\/tr\/index.php?rest_route=\/wp\/v2\/posts"}],"about":[{"href":"https:\/\/archive.sana.sy\/tr\/index.php?rest_route=\/wp\/v2\/types\/post"}],"author":[{"embeddable":true,"href":"https:\/\/archive.sana.sy\/tr\/index.php?rest_route=\/wp\/v2\/users\/39"}],"replies":[{"embeddable":true,"href":"https:\/\/archive.sana.sy\/tr\/index.php?rest_route=%2Fwp%2Fv2%2Fcomments&post=293971"}],"version-history":[{"count":1,"href":"https:\/\/archive.sana.sy\/tr\/index.php?rest_route=\/wp\/v2\/posts\/293971\/revisions"}],"predecessor-version":[{"id":293973,"href":"https:\/\/archive.sana.sy\/tr\/index.php?rest_route=\/wp\/v2\/posts\/293971\/revisions\/293973"}],"wp:featuredmedia":[{"embeddable":true,"href":"https:\/\/archive.sana.sy\/tr\/index.php?rest_route=\/wp\/v2\/media\/293972"}],"wp:attachment":[{"href":"https:\/\/archive.sana.sy\/tr\/index.php?rest_route=%2Fwp%2Fv2%2Fmedia&parent=293971"}],"wp:term":[{"taxonomy":"category","embeddable":true,"href":"https:\/\/archive.sana.sy\/tr\/index.php?rest_route=%2Fwp%2Fv2%2Fcategories&post=293971"},{"taxonomy":"post_tag","embeddable":true,"href":"https:\/\/archive.sana.sy\/tr\/index.php?rest_route=%2Fwp%2Fv2%2Ftags&post=293971"}],"curies":[{"name":"wp","href":"https:\/\/api.w.org\/{rel}","templated":true}]}}