{"id":293978,"date":"2023-12-24T16:49:46","date_gmt":"2023-12-24T13:49:46","guid":{"rendered":"https:\/\/sana.sy\/tr\/?p=293978"},"modified":"2023-12-29T09:25:56","modified_gmt":"2023-12-29T06:25:56","slug":"ordu-ve-silahli-kuvvetlerin-baskomutani-cumhurbaskani-esadin-himayelerinde-komuta-ve-kidemli-kurmayin-18-donemi-mezun-oldu","status":"publish","type":"post","link":"https:\/\/archive.sana.sy\/tr\/?p=293978","title":{"rendered":"Ordu Ve Silahl\u0131 Kuvvetlerin Ba\u015fkomutan\u0131 Cumhurba\u015fkan\u0131 Esad&#8217;\u0131n Himayelerinde&#8230; Komuta ve K\u0131demli Kurmay&#8217;\u0131n 18. D\u00f6nem Mezuniyet T\u00f6reni D\u00fczenlendi"},"content":{"rendered":"<p style=\"text-align: justify;\"><strong>\u015eAM 24 ARALIK (SANA)<\/strong> &#8211; Say\u0131n Cumhurba\u015fkan\u0131m\u0131z, Kara Kuvvetleri ve Silahl\u0131 Kuvvetler Ba\u015fkomutan\u0131 Korgeneral Be\u015f\u015far Esad&#8217;\u0131n himayelerinde, Y\u00fcksek Komuta ve Kurmay Ba\u015fkanl\u0131\u011f\u0131&#8217;n\u0131n 18. D\u00f6neminin mezuniyeti bug\u00fcn Y\u00fcksek Harp Okulu&#8217;nda kutland\u0131.<\/p>\n<p style=\"text-align: justify;\">Kutlamada Cumhurba\u015fkan\u0131n\u0131 temsilen Kara Kuvvetleri ve Silahl\u0131 Kuvvetler Genelkurmay Ba\u015fkan\u0131 T\u00fcmgeneral Abd\u00fclkerim Mahmud \u0130brahim temsil etti.<\/p>\n<p style=\"text-align: justify;\">Kutlama, \u015ferefli \u015fehitlerimizin ruhlar\u0131 an\u0131s\u0131na bir dakikal\u0131k sayg\u0131 duru\u015fuyla ba\u015flad\u0131, ard\u0131ndan Suriye Arap Cumhuriyeti \u0130stiklal Mar\u015f\u0131 \u00e7al\u0131nd\u0131.<\/p>\n<p style=\"text-align: justify;\">Kutlaman\u0131n sponsorunun temsilcisi T\u00fcmgenerel, bir konu\u015fma yaparak Say\u0131n Cumhurba\u015fkan\u0131 Korgeneral Be\u015f\u015far Esad&#8217;\u0131n tebriklerini iletti ve mezun olan subaylara ulusal g\u00f6revlerini yerine getirirken ba\u015far\u0131lar\u0131n\u0131n devam\u0131 i\u00e7in en i\u00e7ten dileklerini sundu.<\/p>\n<p style=\"text-align: justify;\">T\u00fcmgeneral \u0130brahim ayr\u0131ca, \u00f6zellikle i\u015fgal alt\u0131ndaki Filistin topraklar\u0131ndaki kararl\u0131 halk\u0131m\u0131za kar\u015f\u0131 devam eden barbar Siyonist sald\u0131rganl\u0131\u011f\u0131n \u0131\u015f\u0131\u011f\u0131nda, aziz vatan\u0131m\u0131z\u0131n ve t\u00fcm b\u00f6lgenin kar\u015f\u0131 kar\u015f\u0131ya oldu\u011fu zorluklar\u0131n b\u00fcy\u00fckl\u00fc\u011f\u00fcn\u00fcn a\u00e7\u0131k\u00e7a fark\u0131nda olmam\u0131z gerekti\u011fini vurgulad\u0131.<\/p>\n<p style=\"text-align: justify;\">\u0130brahim konu\u015fmas\u0131nda da, bug\u00fcn yi\u011fit ordumuzun, kim olursa olsun, d\u00fc\u015fmanla olas\u0131 herhangi bir \u00e7at\u0131\u015fmaya kar\u015f\u0131 tam haz\u0131rl\u0131kl\u0131 ve haz\u0131r olmas\u0131 konusunda her zamankinden daha istekli oldu\u011fumuzu vurgulad\u0131.<\/p>\n<p style=\"text-align: justify;\">T\u00fcmgeneral, konu\u015fmas\u0131n\u0131n sonunda mezunlara bir sonraki a\u015famaya ili\u015fkin y\u00f6nlendirmelerde bulunarak, g\u00f6revin, milli sorumluluk d\u00fczeyinde kalmay\u0131, bilimi ve bilgiyi pratik ger\u00e7eklik olarak hayata ge\u00e7irmeyi, milletin ve millet liderinin her zaman en iyi beklentilerini kar\u015f\u0131lamay\u0131 gerektirdi\u011fini de vurgulad\u0131.<\/p>\n<p style=\"text-align: justify;\">Akademi M\u00fcd\u00fcr\u00fc de yapt\u0131\u011f\u0131 konu\u015fmada, Y\u00fcksek Harp Okulu&#8217;nun e\u011fitim d\u00f6neminde bu dersin \u00f6\u011frencilere modern sava\u015f ko\u015fullar\u0131na uygun \u015fekilde modern askeri bilimler kazand\u0131rmaya ve becerilerini geli\u015ftirmeye \u00f6zen g\u00f6sterdi\u011fini vurgulad\u0131.<\/p>\n<p style=\"text-align: justify;\">\u0130lk mezun, mezunlar\u0131n silahl\u0131 kuvvetlerin geli\u015ftirilmesine ve sava\u015fa haz\u0131rl\u0131klar\u0131n\u0131n artt\u0131r\u0131lmas\u0131na katk\u0131da bulunan bilgi ve bilimleri somutla\u015ft\u0131rmaya haz\u0131r olduklar\u0131n\u0131 do\u011frulad\u0131\u011f\u0131 bir konu\u015fma yapt\u0131.<\/p>\n<p style=\"text-align: justify;\">Ard\u0131ndan ba\u015far\u0131n\u0131n emri okundu. Akebinde mezunlara sertifikalar\u0131 da\u011f\u0131t\u0131ld\u0131.<\/p>\n<p style=\"text-align: justify;\">\u00a0Daha sonra birinci mezun, millete ve milletin lideri Say\u0131n Cumhurba\u015fkan\u0131 Korgeneral Be\u015f\u015far Esad&#8217;a olan sevgi ve ba\u011fl\u0131l\u0131\u011f\u0131n g\u00f6stergesi olarak Ba\u015fkomutanl\u0131k temsilcisi General&#8217;e kurs kalkan\u0131n\u0131 takdim etti.<\/p>\n<p style=\"text-align: justify;\">Kutlama, Suriye Arap Cumhuriyeti&#8217;nin milli mar\u015f\u0131n\u0131n okunmas\u0131yla sona erdi.<\/p>\n<p style=\"text-align: center;\"><iframe loading=\"lazy\" title=\"\u0628\u0631\u0639\u0627\u064a\u0629 \u0627\u0644\u0633\u064a\u062f \u0627\u0644\u0631\u0626\u064a\u0633 \u0627\u0644\u0641\u0631\u064a\u0642 \u0628\u0634\u0627\u0631 \u0627\u0644\u0623\u0633\u062f.. \u062a\u062e\u0631\u064a\u062c \u0627\u0644\u062f\u0648\u0631\u0629 \u0627\u0644\u062b\u0627\u0645\u0646\u0629 \u0639\u0634\u0631\u0629 \u0642\u064a\u0627\u062f\u0629 \u0648\u0623\u0631\u0643\u0627\u0646\u0627\u064b \u0639\u0644\u064a\u0627\" src=\"https:\/\/www.youtube.com\/embed\/OWlYGkZpdUs\" width=\"620\" height=\"348\" frameborder=\"0\" allowfullscreen=\"allowfullscreen\"><\/iframe><\/p>\n<p style=\"text-align: center;\"><strong><a href=\"https:\/\/t.me\/SuriyeArapHaberAjansI\">Telegram Kanal\u0131m\u0131z\u00a0<\/a>||<a href=\"https:\/\/twitter.com\/arap_ajans\">X Platformumuz\u00a0<\/a>||<a href=\"https:\/\/www.facebook.com\/SANAHaberAjansi\/\">Facebook Sayfam\u0131z<\/a><\/strong><\/p>\n","protected":false},"excerpt":{"rendered":"<p>\u015eAM 24 ARALIK (SANA) &#8211; Say\u0131n Cumhurba\u015fkan\u0131m\u0131z, Kara Kuvvetleri ve Silahl\u0131 Kuvvetler Ba\u015fkomutan\u0131 Korgeneral Be\u015f\u015far Esad&#8217;\u0131n himayelerinde, Y\u00fcksek Komuta ve Kurmay Ba\u015fkanl\u0131\u011f\u0131&#8217;n\u0131n 18. D\u00f6neminin mezuniyeti bug\u00fcn Y\u00fcksek Harp Okulu&#8217;nda kutland\u0131. Kutlamada Cumhurba\u015fkan\u0131n\u0131 temsilen Kara Kuvvetleri ve Silahl\u0131 Kuvvetler Genelkurmay Ba\u015fkan\u0131 T\u00fcmgeneral Abd\u00fclkerim Mahmud \u0130brahim temsil etti. Kutlama, \u015ferefli \u015fehitlerimizin ruhlar\u0131 an\u0131s\u0131na bir dakikal\u0131k sayg\u0131 duru\u015fuyla &hellip;<\/p>\n","protected":false},"author":1,"featured_media":293979,"comment_status":"closed","ping_status":"closed","sticky":false,"template":"","format":"standard","meta":{"footnotes":""},"categories":[479,17988,478],"tags":[],"class_list":["post-293978","post","type-post","status-publish","format-standard","has-post-thumbnail","","category-haberler-yerel","category-son-haberler","category-yerel"],"_links":{"self":[{"href":"https:\/\/archive.sana.sy\/tr\/index.php?rest_route=\/wp\/v2\/posts\/293978","targetHints":{"allow":["GET"]}}],"collection":[{"href":"https:\/\/archive.sana.sy\/tr\/index.php?rest_route=\/wp\/v2\/posts"}],"about":[{"href":"https:\/\/archive.sana.sy\/tr\/index.php?rest_route=\/wp\/v2\/types\/post"}],"author":[{"embeddable":true,"href":"https:\/\/archive.sana.sy\/tr\/index.php?rest_route=\/wp\/v2\/users\/1"}],"replies":[{"embeddable":true,"href":"https:\/\/archive.sana.sy\/tr\/index.php?rest_route=%2Fwp%2Fv2%2Fcomments&post=293978"}],"version-history":[{"count":5,"href":"https:\/\/archive.sana.sy\/tr\/index.php?rest_route=\/wp\/v2\/posts\/293978\/revisions"}],"predecessor-version":[{"id":294050,"href":"https:\/\/archive.sana.sy\/tr\/index.php?rest_route=\/wp\/v2\/posts\/293978\/revisions\/294050"}],"wp:featuredmedia":[{"embeddable":true,"href":"https:\/\/archive.sana.sy\/tr\/index.php?rest_route=\/wp\/v2\/media\/293979"}],"wp:attachment":[{"href":"https:\/\/archive.sana.sy\/tr\/index.php?rest_route=%2Fwp%2Fv2%2Fmedia&parent=293978"}],"wp:term":[{"taxonomy":"category","embeddable":true,"href":"https:\/\/archive.sana.sy\/tr\/index.php?rest_route=%2Fwp%2Fv2%2Fcategories&post=293978"},{"taxonomy":"post_tag","embeddable":true,"href":"https:\/\/archive.sana.sy\/tr\/index.php?rest_route=%2Fwp%2Fv2%2Ftags&post=293978"}],"curies":[{"name":"wp","href":"https:\/\/api.w.org\/{rel}","templated":true}]}}