{"id":293987,"date":"2023-12-25T08:00:10","date_gmt":"2023-12-25T05:00:10","guid":{"rendered":"https:\/\/sana.sy\/tr\/?p=293987"},"modified":"2023-12-29T09:24:12","modified_gmt":"2023-12-29T06:24:12","slug":"silahli-kuvvetlerimiz-halep-ve-hama-kirsalinda-teroristlere-ait-ihalari-dusurdu","status":"publish","type":"post","link":"https:\/\/archive.sana.sy\/tr\/?p=293987","title":{"rendered":"Silahl\u0131 Kuvvetlerimiz Halep Ve Hama K\u0131rsal\u0131nda Ter\u00f6ristlere Ait \u0130HA\u2019lar\u0131 D\u00fc\u015f\u00fcrd\u00fc"},"content":{"rendered":"<p style=\"text-align: justify;\"><strong>\u015eAM 25 Aral\u0131k 2023 (SANA)<\/strong> \u2013 Silahl\u0131 kuvvetlerimize ba\u011fl\u0131 birimlerimiz Halep ve Hama k\u0131rsal\u0131nda 7 ter\u00f6r \u0130HA&#8217;s\u0131n\u0131 d\u00fc\u015f\u00fcrd\u00fc.<\/p>\n<p style=\"text-align: justify;\">Savunma Bakanl\u0131\u011f\u0131 yapt\u0131\u011f\u0131 a\u00e7\u0131klamada, \u201cSilahl\u0131 kuvvetlerimize ait birliklerimizin Halep ve Hama k\u0131rsal\u0131nda, ter\u00f6r \u00f6rg\u00fctlerinin \u00e7evredeki g\u00fcvenli k\u00f6y ve kasabalara insans\u0131z hava ara\u00e7lar\u0131yla sald\u0131r\u0131 giri\u015fimlerine kar\u015f\u0131l\u0131k vererek, 7 \u0130HA&#8217;y\u0131 imha etti\u201d dedi.<\/p>\n<div id='gallery-1' class='gallery galleryid-293987 gallery-columns-1 gallery-size-full'><figure class='gallery-item'>\n\t\t\t<div class='gallery-icon landscape'>\n\t\t\t\t<a href='https:\/\/archive.sana.sy\/tr\/wp-content\/uploads\/2023\/12\/413922542_696675845942638_7069296914958852138_n.jpg'><img loading=\"lazy\" decoding=\"async\" width=\"1000\" height=\"748\" src=\"https:\/\/archive.sana.sy\/tr\/wp-content\/uploads\/2023\/12\/413922542_696675845942638_7069296914958852138_n.jpg\" class=\"attachment-full size-full\" alt=\"\" srcset=\"https:\/\/archive.sana.sy\/tr\/wp-content\/uploads\/2023\/12\/413922542_696675845942638_7069296914958852138_n.jpg 1000w, https:\/\/archive.sana.sy\/tr\/wp-content\/uploads\/2023\/12\/413922542_696675845942638_7069296914958852138_n-300x224.jpg 300w, https:\/\/archive.sana.sy\/tr\/wp-content\/uploads\/2023\/12\/413922542_696675845942638_7069296914958852138_n-768x574.jpg 768w\" sizes=\"auto, (max-width: 1000px) 100vw, 1000px\" \/><\/a>\n\t\t\t<\/div><\/figure><figure class='gallery-item'>\n\t\t\t<div class='gallery-icon portrait'>\n\t\t\t\t<a href='https:\/\/archive.sana.sy\/tr\/wp-content\/uploads\/2023\/12\/413887849_696675802609309_5818589259423701217_n.jpg'><img loading=\"lazy\" decoding=\"async\" width=\"490\" height=\"693\" src=\"https:\/\/archive.sana.sy\/tr\/wp-content\/uploads\/2023\/12\/413887849_696675802609309_5818589259423701217_n.jpg\" class=\"attachment-full size-full\" alt=\"\" srcset=\"https:\/\/archive.sana.sy\/tr\/wp-content\/uploads\/2023\/12\/413887849_696675802609309_5818589259423701217_n.jpg 490w, https:\/\/archive.sana.sy\/tr\/wp-content\/uploads\/2023\/12\/413887849_696675802609309_5818589259423701217_n-212x300.jpg 212w\" sizes=\"auto, (max-width: 490px) 100vw, 490px\" \/><\/a>\n\t\t\t<\/div><\/figure>\n\t\t<\/div>\n\n<p style=\"text-align: justify;\"><strong><a href=\"https:\/\/t.me\/SuriyeArapHaberAjansI\">Telegram Kanal\u0131m\u0131z\u00a0<\/a>||<a href=\"https:\/\/twitter.com\/arap_ajans\">X Platformumuz\u00a0<\/a>||<a href=\"https:\/\/www.facebook.com\/SANAHaberAjansi\/\">Facebook Sayfam\u0131z<\/a><\/strong><\/p>\n","protected":false},"excerpt":{"rendered":"<p>\u015eAM 25 Aral\u0131k 2023 (SANA) \u2013 Silahl\u0131 kuvvetlerimize ba\u011fl\u0131 birimlerimiz Halep ve Hama k\u0131rsal\u0131nda 7 ter\u00f6r \u0130HA&#8217;s\u0131n\u0131 d\u00fc\u015f\u00fcrd\u00fc. Savunma Bakanl\u0131\u011f\u0131 yapt\u0131\u011f\u0131 a\u00e7\u0131klamada, \u201cSilahl\u0131 kuvvetlerimize ait birliklerimizin Halep ve Hama k\u0131rsal\u0131nda, ter\u00f6r \u00f6rg\u00fctlerinin \u00e7evredeki g\u00fcvenli k\u00f6y ve kasabalara insans\u0131z hava ara\u00e7lar\u0131yla sald\u0131r\u0131 giri\u015fimlerine kar\u015f\u0131l\u0131k vererek, 7 \u0130HA&#8217;y\u0131 imha etti\u201d dedi. Telegram Kanal\u0131m\u0131z\u00a0||X Platformumuz\u00a0||Facebook Sayfam\u0131z<\/p>\n","protected":false},"author":39,"featured_media":293988,"comment_status":"closed","ping_status":"closed","sticky":false,"template":"","format":"standard","meta":{"footnotes":""},"categories":[479,575,17988,478],"tags":[],"class_list":["post-293987","post","type-post","status-publish","format-standard","has-post-thumbnail","","category-haberler-yerel","category-olaylar-ve-gercekler","category-son-haberler","category-yerel"],"_links":{"self":[{"href":"https:\/\/archive.sana.sy\/tr\/index.php?rest_route=\/wp\/v2\/posts\/293987","targetHints":{"allow":["GET"]}}],"collection":[{"href":"https:\/\/archive.sana.sy\/tr\/index.php?rest_route=\/wp\/v2\/posts"}],"about":[{"href":"https:\/\/archive.sana.sy\/tr\/index.php?rest_route=\/wp\/v2\/types\/post"}],"author":[{"embeddable":true,"href":"https:\/\/archive.sana.sy\/tr\/index.php?rest_route=\/wp\/v2\/users\/39"}],"replies":[{"embeddable":true,"href":"https:\/\/archive.sana.sy\/tr\/index.php?rest_route=%2Fwp%2Fv2%2Fcomments&post=293987"}],"version-history":[{"count":3,"href":"https:\/\/archive.sana.sy\/tr\/index.php?rest_route=\/wp\/v2\/posts\/293987\/revisions"}],"predecessor-version":[{"id":294042,"href":"https:\/\/archive.sana.sy\/tr\/index.php?rest_route=\/wp\/v2\/posts\/293987\/revisions\/294042"}],"wp:featuredmedia":[{"embeddable":true,"href":"https:\/\/archive.sana.sy\/tr\/index.php?rest_route=\/wp\/v2\/media\/293988"}],"wp:attachment":[{"href":"https:\/\/archive.sana.sy\/tr\/index.php?rest_route=%2Fwp%2Fv2%2Fmedia&parent=293987"}],"wp:term":[{"taxonomy":"category","embeddable":true,"href":"https:\/\/archive.sana.sy\/tr\/index.php?rest_route=%2Fwp%2Fv2%2Fcategories&post=293987"},{"taxonomy":"post_tag","embeddable":true,"href":"https:\/\/archive.sana.sy\/tr\/index.php?rest_route=%2Fwp%2Fv2%2Ftags&post=293987"}],"curies":[{"name":"wp","href":"https:\/\/api.w.org\/{rel}","templated":true}]}}