{"id":293992,"date":"2023-12-24T23:27:51","date_gmt":"2023-12-24T20:27:51","guid":{"rendered":"https:\/\/sana.sy\/tr\/?p=293992"},"modified":"2023-12-29T09:24:06","modified_gmt":"2023-12-29T06:24:06","slug":"cumhurbaskani-esad-baas-partisi-merkez-komitesi-secimlerinde-seffaflik-ve-bagimsizlik-hakim-olmali","status":"publish","type":"post","link":"https:\/\/archive.sana.sy\/tr\/?p=293992","title":{"rendered":"Cumhurba\u015fkan\u0131 Esad: Baas Partisi Merkez Komitesi Se\u00e7imlerinde \u015eeffafl\u0131k ve Ba\u011f\u0131ms\u0131zl\u0131k Hakim Olmal\u0131d\u0131r"},"content":{"rendered":"<p style=\"text-align: justify;\"><strong>\u015eAM 24 Aral\u0131k 2023 (SANA) \u2013<\/strong> Arap Sosyalist Baas Partisi Genel Sekreteri Cumhurba\u015fkan\u0131 Be\u015f\u015far Esad, Parti Se\u00e7imlerini Denetleme Y\u00fcksek Komitesi&#8217;nin ba\u011f\u0131ms\u0131zl\u0131\u011f\u0131n\u0131 ve se\u00e7im s\u00fcrecinin t\u00fcm a\u015famalar\u0131nda misyonunu yerine getirirken mutlak tarafs\u0131zl\u0131\u011f\u0131n\u0131 vurgulad\u0131.<\/p>\n<p style=\"text-align: justify;\"><img loading=\"lazy\" decoding=\"async\" class=\"size-medium wp-image-293994 alignright\" src=\"http:\/\/sana.sy\/tr\/wp-content\/uploads\/2023\/12\/414078024_912759076880837_4565712890747122364_n-300x148.jpg\" alt=\"\" width=\"300\" height=\"148\" srcset=\"https:\/\/archive.sana.sy\/tr\/wp-content\/uploads\/2023\/12\/414078024_912759076880837_4565712890747122364_n-300x148.jpg 300w, https:\/\/archive.sana.sy\/tr\/wp-content\/uploads\/2023\/12\/414078024_912759076880837_4565712890747122364_n-1024x504.jpg 1024w, https:\/\/archive.sana.sy\/tr\/wp-content\/uploads\/2023\/12\/414078024_912759076880837_4565712890747122364_n-768x378.jpg 768w, https:\/\/archive.sana.sy\/tr\/wp-content\/uploads\/2023\/12\/414078024_912759076880837_4565712890747122364_n-1536x756.jpg 1536w, https:\/\/archive.sana.sy\/tr\/wp-content\/uploads\/2023\/12\/414078024_912759076880837_4565712890747122364_n.jpg 2048w\" sizes=\"auto, (max-width: 300px) 100vw, 300px\" \/>Baas Partisi Genel Sekreteri, komite \u00fcyeleriyle yapt\u0131\u011f\u0131 g\u00f6r\u00fc\u015fmede, komitenin g\u00f6revinin, partinin kadrolar\u0131n\u0131n ve ba\u011fl\u0131 kurulu\u015flar\u0131n\u0131n beklentilerini yans\u0131tan, partinin merkez komitesi taraf\u0131ndan onaylanan standartlar ve temellere uygun se\u00e7im prosed\u00fcrlerini sa\u011flamak oldu\u011funu ifade etti.<\/p>\n<p style=\"text-align: justify;\">Genel Sekreter ayr\u0131ca, se\u00e7imlerin Olumlu ve olumsuz y\u00f6nleriyle, partiye ve kadrolar\u0131na kar\u015f\u0131 sorumluluklar\u0131n\u0131 \u00fcstlenebilecek parti liderlerini se\u00e7menin en iyi yolu oldu\u011funu ancak se\u00e7im deneyiminde en \u00f6nemli \u015feyin t\u00fcm adaylar i\u00e7in adil f\u0131rsatlar yakalamak oldu\u011funu ekledi.<\/p>\n<p style=\"text-align: justify;\"><img loading=\"lazy\" decoding=\"async\" class=\"size-medium wp-image-293995 alignright\" src=\"http:\/\/sana.sy\/tr\/wp-content\/uploads\/2023\/12\/414035833_912759100214168_6195161288458386147_n-300x160.jpg\" alt=\"\" width=\"300\" height=\"160\" srcset=\"https:\/\/archive.sana.sy\/tr\/wp-content\/uploads\/2023\/12\/414035833_912759100214168_6195161288458386147_n-300x160.jpg 300w, https:\/\/archive.sana.sy\/tr\/wp-content\/uploads\/2023\/12\/414035833_912759100214168_6195161288458386147_n-1024x545.jpg 1024w, https:\/\/archive.sana.sy\/tr\/wp-content\/uploads\/2023\/12\/414035833_912759100214168_6195161288458386147_n-768x409.jpg 768w, https:\/\/archive.sana.sy\/tr\/wp-content\/uploads\/2023\/12\/414035833_912759100214168_6195161288458386147_n-1536x818.jpg 1536w, https:\/\/archive.sana.sy\/tr\/wp-content\/uploads\/2023\/12\/414035833_912759100214168_6195161288458386147_n-310x165.jpg 310w, https:\/\/archive.sana.sy\/tr\/wp-content\/uploads\/2023\/12\/414035833_912759100214168_6195161288458386147_n.jpg 2048w\" sizes=\"auto, (max-width: 300px) 100vw, 300px\" \/>Genel Sekreter Be\u015f\u015far Esad konu\u015fmas\u0131nda da, Se\u00e7imleri Denetleme Y\u00fcksek Komitesi&#8217;nin parti \u00e7al\u0131\u015fmalar\u0131n\u0131 geli\u015ftirmenin ve se\u00e7im s\u00fcrecini koruman\u0131n ve g\u00fc\u00e7lendirmenin ara\u00e7lar\u0131ndan biri oldu\u011funu, b\u00f6ylece se\u00e7im sonu\u00e7lar\u0131n\u0131n Baas Partisi&#8217;nin ilerlemesi ve ulusal rol\u00fcn\u00fcn geli\u015fmesi i\u00e7in temel olu\u015fturaca\u011f\u0131n\u0131 belirtti.<\/p>\n<p style=\"text-align: justify;\">Genel Sekreter, Y\u00fcksek Komite&#8217;nin misyonunun esas\u0131n\u0131n, parti se\u00e7imlerinde \u015feffaf performans\u0131n sa\u011flanmas\u0131 ve se\u00e7im ihlallerinin \u00f6nlenmesi amac\u0131yla partinin son Merkez Komite toplant\u0131s\u0131nda al\u0131nan kararlara tam ve s\u0131k\u0131 bir \u015fekilde uyulmas\u0131n\u0131 sa\u011flamak oldu\u011funu da kaydetti.<\/p>\n<p style=\"text-align: center;\"><strong><a href=\"https:\/\/t.me\/SuriyeArapHaberAjansI\">Telegram Kanal\u0131m\u0131z\u00a0<\/a>||<a href=\"https:\/\/twitter.com\/arap_ajans\">X Platformumuz\u00a0<\/a>||<a href=\"https:\/\/www.facebook.com\/SANAHaberAjansi\/\">Facebook Sayfam\u0131z<\/a><\/strong><\/p>\n","protected":false},"excerpt":{"rendered":"<p>\u015eAM 24 Aral\u0131k 2023 (SANA) \u2013 Arap Sosyalist Baas Partisi Genel Sekreteri Cumhurba\u015fkan\u0131 Be\u015f\u015far Esad, Parti Se\u00e7imlerini Denetleme Y\u00fcksek Komitesi&#8217;nin ba\u011f\u0131ms\u0131zl\u0131\u011f\u0131n\u0131 ve se\u00e7im s\u00fcrecinin t\u00fcm a\u015famalar\u0131nda misyonunu yerine getirirken mutlak tarafs\u0131zl\u0131\u011f\u0131n\u0131 vurgulad\u0131. Baas Partisi Genel Sekreteri, komite \u00fcyeleriyle yapt\u0131\u011f\u0131 g\u00f6r\u00fc\u015fmede, komitenin g\u00f6revinin, partinin kadrolar\u0131n\u0131n ve ba\u011fl\u0131 kurulu\u015flar\u0131n\u0131n beklentilerini yans\u0131tan, partinin merkez komitesi taraf\u0131ndan onaylanan standartlar &hellip;<\/p>\n","protected":false},"author":39,"featured_media":293993,"comment_status":"closed","ping_status":"closed","sticky":false,"template":"","format":"standard","meta":{"footnotes":""},"categories":[606,479,605,478],"tags":[],"class_list":["post-293992","post","type-post","status-publish","format-standard","has-post-thumbnail","","category-cumhurbaskani","category-haberler-yerel","category-sayin-cumhurbaskani","category-yerel"],"_links":{"self":[{"href":"https:\/\/archive.sana.sy\/tr\/index.php?rest_route=\/wp\/v2\/posts\/293992","targetHints":{"allow":["GET"]}}],"collection":[{"href":"https:\/\/archive.sana.sy\/tr\/index.php?rest_route=\/wp\/v2\/posts"}],"about":[{"href":"https:\/\/archive.sana.sy\/tr\/index.php?rest_route=\/wp\/v2\/types\/post"}],"author":[{"embeddable":true,"href":"https:\/\/archive.sana.sy\/tr\/index.php?rest_route=\/wp\/v2\/users\/39"}],"replies":[{"embeddable":true,"href":"https:\/\/archive.sana.sy\/tr\/index.php?rest_route=%2Fwp%2Fv2%2Fcomments&post=293992"}],"version-history":[{"count":2,"href":"https:\/\/archive.sana.sy\/tr\/index.php?rest_route=\/wp\/v2\/posts\/293992\/revisions"}],"predecessor-version":[{"id":294043,"href":"https:\/\/archive.sana.sy\/tr\/index.php?rest_route=\/wp\/v2\/posts\/293992\/revisions\/294043"}],"wp:featuredmedia":[{"embeddable":true,"href":"https:\/\/archive.sana.sy\/tr\/index.php?rest_route=\/wp\/v2\/media\/293993"}],"wp:attachment":[{"href":"https:\/\/archive.sana.sy\/tr\/index.php?rest_route=%2Fwp%2Fv2%2Fmedia&parent=293992"}],"wp:term":[{"taxonomy":"category","embeddable":true,"href":"https:\/\/archive.sana.sy\/tr\/index.php?rest_route=%2Fwp%2Fv2%2Fcategories&post=293992"},{"taxonomy":"post_tag","embeddable":true,"href":"https:\/\/archive.sana.sy\/tr\/index.php?rest_route=%2Fwp%2Fv2%2Ftags&post=293992"}],"curies":[{"name":"wp","href":"https:\/\/api.w.org\/{rel}","templated":true}]}}