{"id":294142,"date":"2023-12-27T08:00:44","date_gmt":"2023-12-27T05:00:44","guid":{"rendered":"https:\/\/sana.sy\/tr\/?p=294142"},"modified":"2023-12-29T09:20:04","modified_gmt":"2023-12-29T06:20:04","slug":"isgalci-israil-guclerinin-tulkarmda-duzenledigi-saldirida-6-filistinli-sehit-dustu-digerleri-de-yaralandi","status":"publish","type":"post","link":"https:\/\/archive.sana.sy\/tr\/?p=294142","title":{"rendered":"\u0130\u015fgalci \u0130srail G\u00fc\u00e7lerinin Tulkarm&#8217;da D\u00fczenledi\u011fi Sald\u0131r\u0131da 6 Filistinli \u015eehit D\u00fc\u015ft\u00fc , Di\u011ferleri De Yaraland\u0131"},"content":{"rendered":"<p style=\"text-align: justify;\"><strong>\u0130\u015eGAL ED\u0130LEN KUD\u00dcS 27 ARALIK (SANA)<\/strong> &#8211; \u0130srail i\u015fgal g\u00fc\u00e7lerinin bug\u00fcn \u015fafak vakti Bat\u0131 \u015eeria&#8217;n\u0131n Tulkarm \u015fehrinin do\u011fusundaki Nur \u015eems kamp\u0131na d\u00fczenledi\u011fi bask\u0131nda 6 Filistinli \u015fehit oldu, 6 ki\u015fi de yaraland\u0131.<\/p>\n<p style=\"text-align: justify;\">Wafa Ajans\u0131, \u2018\u2019\u0130\u015fgal g\u00fc\u00e7leri ve bir dizi buldozer, bir i\u015fgal insans\u0131z hava arac\u0131n\u0131n Nur \u015eems kamp\u0131n\u0131 bombalamas\u0131ndan \u00f6nce \u015fehre bat\u0131 ekseninden sald\u0131rd\u0131. Bu da 6 Filistinli gencin \u00f6l\u00fcm\u00fcne, 6 ki\u015finin de a\u011f\u0131r yaralanmas\u0131na yol a\u00e7t\u0131. Bu arada ambulans ve sa\u011fl\u0131k ekiplerinin \u015fehit ve yaral\u0131lar\u0131 tahliye etmesi engellendi\u2019\u2019 dedi.<\/p>\n<p style=\"text-align: justify;\">Bat\u0131 \u015eeria&#8217;n\u0131n El Halil \u015fehrinin g\u00fcneyindeki El Fevvar kamp\u0131nda d\u00fcn i\u015fgal g\u00fc\u00e7lerinin a\u00e7t\u0131\u011f\u0131 ate\u015f sonucu 2 Filistinli \u015fehit oldu, 2 ki\u015fi de yaraland\u0131.<\/p>\n<p>&nbsp;<\/p>\n<p style=\"text-align: center;\"><strong><a href=\"https:\/\/t.me\/SuriyeArapHaberAjansI\">Telegram Kanal\u0131m\u0131z\u00a0<\/a>||<a href=\"https:\/\/twitter.com\/arap_ajans\">X Platformumuz\u00a0<\/a>||<a href=\"https:\/\/www.facebook.com\/SANAHaberAjansi\/\">Facebook Sayfam\u0131z<\/a><\/strong><\/p>\n","protected":false},"excerpt":{"rendered":"<p>\u0130\u015eGAL ED\u0130LEN KUD\u00dcS 27 ARALIK (SANA) &#8211; \u0130srail i\u015fgal g\u00fc\u00e7lerinin bug\u00fcn \u015fafak vakti Bat\u0131 \u015eeria&#8217;n\u0131n Tulkarm \u015fehrinin do\u011fusundaki Nur \u015eems kamp\u0131na d\u00fczenledi\u011fi bask\u0131nda 6 Filistinli \u015fehit oldu, 6 ki\u015fi de yaraland\u0131. Wafa Ajans\u0131, \u2018\u2019\u0130\u015fgal g\u00fc\u00e7leri ve bir dizi buldozer, bir i\u015fgal insans\u0131z hava arac\u0131n\u0131n Nur \u015eems kamp\u0131n\u0131 bombalamas\u0131ndan \u00f6nce \u015fehre bat\u0131 ekseninden sald\u0131rd\u0131. Bu da &hellip;<\/p>\n","protected":false},"author":41,"featured_media":294144,"comment_status":"closed","ping_status":"closed","sticky":false,"template":"","format":"standard","meta":{"footnotes":""},"categories":[458,459,17988],"tags":[40632,40631],"class_list":["post-294142","post","type-post","status-publish","format-standard","has-post-thumbnail","","category-dunya1","category-haberler-arap-uluslararasi-politika","category-son-haberler","tag-digerleri-de-yaralandi","tag-isgalci-israil-guclerinin-tulkarmda-duzenledigi-saldirida-6-filistinli-sehit-dustu"],"_links":{"self":[{"href":"https:\/\/archive.sana.sy\/tr\/index.php?rest_route=\/wp\/v2\/posts\/294142","targetHints":{"allow":["GET"]}}],"collection":[{"href":"https:\/\/archive.sana.sy\/tr\/index.php?rest_route=\/wp\/v2\/posts"}],"about":[{"href":"https:\/\/archive.sana.sy\/tr\/index.php?rest_route=\/wp\/v2\/types\/post"}],"author":[{"embeddable":true,"href":"https:\/\/archive.sana.sy\/tr\/index.php?rest_route=\/wp\/v2\/users\/41"}],"replies":[{"embeddable":true,"href":"https:\/\/archive.sana.sy\/tr\/index.php?rest_route=%2Fwp%2Fv2%2Fcomments&post=294142"}],"version-history":[{"count":1,"href":"https:\/\/archive.sana.sy\/tr\/index.php?rest_route=\/wp\/v2\/posts\/294142\/revisions"}],"predecessor-version":[{"id":294143,"href":"https:\/\/archive.sana.sy\/tr\/index.php?rest_route=\/wp\/v2\/posts\/294142\/revisions\/294143"}],"wp:featuredmedia":[{"embeddable":true,"href":"https:\/\/archive.sana.sy\/tr\/index.php?rest_route=\/wp\/v2\/media\/294144"}],"wp:attachment":[{"href":"https:\/\/archive.sana.sy\/tr\/index.php?rest_route=%2Fwp%2Fv2%2Fmedia&parent=294142"}],"wp:term":[{"taxonomy":"category","embeddable":true,"href":"https:\/\/archive.sana.sy\/tr\/index.php?rest_route=%2Fwp%2Fv2%2Fcategories&post=294142"},{"taxonomy":"post_tag","embeddable":true,"href":"https:\/\/archive.sana.sy\/tr\/index.php?rest_route=%2Fwp%2Fv2%2Ftags&post=294142"}],"curies":[{"name":"wp","href":"https:\/\/api.w.org\/{rel}","templated":true}]}}