{"id":294214,"date":"2023-12-28T14:01:34","date_gmt":"2023-12-28T11:01:34","guid":{"rendered":"https:\/\/sana.sy\/tr\/?p=294214"},"modified":"2023-12-29T09:26:32","modified_gmt":"2023-12-29T06:26:32","slug":"filistin-yanlisi-gostericiler-iki-amerikan-havaalanina-giden-yollari-kapatti-ve-polis-duzinelerce-kisiyi-tutukladi","status":"publish","type":"post","link":"https:\/\/archive.sana.sy\/tr\/?p=294214","title":{"rendered":"Filistin Yanl\u0131s\u0131 G\u00f6stericiler \u0130ki Amerikan Havaalan\u0131na Giden Yollar\u0131 Kapatt\u0131 Ve Polis D\u00fczinelerce Ki\u015fiyi Tutuklad\u0131"},"content":{"rendered":"<p style=\"text-align: justify;\"><strong>VA\u015e\u0130NGTON 28 ARALIK (SANA)<\/strong> &#8211; Filistin yanl\u0131s\u0131 g\u00f6stericiler New York ve Los Angeles&#8217;taki iki uluslararas\u0131 havaalan\u0131na giden yollar\u0131 kapatt\u0131.<\/p>\n<p style=\"text-align: justify;\">Associated Press&#8217;e g\u00f6re, G\u00f6stericiler, New York&#8217;taki John F. Kennedy Uluslararas\u0131 Havaliman\u0131&#8217;n\u0131n eteklerinde arabalar\u0131 durdurarak, \u0130srail&#8217;in Gazze \u015eeridi&#8217;ndeki sald\u0131rganl\u0131\u011f\u0131na son verilmesini ve Filistin halk\u0131na haklar\u0131n\u0131n verilmesini talep eden pankartlar a\u00e7t\u0131.<\/p>\n<p style=\"text-align: justify;\">Amerikan polisi, protestolara kat\u0131lan 26 ki\u015fiyi &#8220;d\u00fczensiz davran\u0131\u015f ve ara\u00e7 trafi\u011fini engelleme&#8221; bahanesiyle tutuklad\u0131.<\/p>\n<p style=\"text-align: justify;\">New York protestolar\u0131yla ba\u011flant\u0131l\u0131 olarak, Los Angeles Havaliman\u0131&#8217;na giden ana yol, Filistin yanl\u0131s\u0131 ba\u015fka bir grup g\u00f6sterici taraf\u0131ndan kapat\u0131l\u0131rken, \u015fehir polisi 36 g\u00f6stericiyi tutuklad\u0131.<\/p>\n<p style=\"text-align: center;\"><strong><a href=\"https:\/\/t.me\/SuriyeArapHaberAjansI\">Telegram Kanal\u0131m\u0131z\u00a0<\/a>||<a href=\"https:\/\/twitter.com\/arap_ajans\">X Platformumuz\u00a0<\/a>||<a href=\"https:\/\/www.facebook.com\/SANAHaberAjansi\/\">Facebook Sayfam\u0131z<\/a><\/strong><\/p>\n","protected":false},"excerpt":{"rendered":"<p>VA\u015e\u0130NGTON 28 ARALIK (SANA) &#8211; Filistin yanl\u0131s\u0131 g\u00f6stericiler New York ve Los Angeles&#8217;taki iki uluslararas\u0131 havaalan\u0131na giden yollar\u0131 kapatt\u0131. Associated Press&#8217;e g\u00f6re, G\u00f6stericiler, New York&#8217;taki John F. Kennedy Uluslararas\u0131 Havaliman\u0131&#8217;n\u0131n eteklerinde arabalar\u0131 durdurarak, \u0130srail&#8217;in Gazze \u015eeridi&#8217;ndeki sald\u0131rganl\u0131\u011f\u0131na son verilmesini ve Filistin halk\u0131na haklar\u0131n\u0131n verilmesini talep eden pankartlar a\u00e7t\u0131. Amerikan polisi, protestolara kat\u0131lan 26 ki\u015fiyi &#8220;d\u00fczensiz &hellip;<\/p>\n","protected":false},"author":41,"featured_media":294215,"comment_status":"closed","ping_status":"closed","sticky":false,"template":"","format":"standard","meta":{"footnotes":""},"categories":[458,459,17988],"tags":[40649],"class_list":["post-294214","post","type-post","status-publish","format-standard","has-post-thumbnail","","category-dunya1","category-haberler-arap-uluslararasi-politika","category-son-haberler","tag-filistin-yanlisi-gostericiler-iki-amerikan-havaalanina-giden-yollari-kapatti-ve-polis-duzinelerce-kisiyi-tutukladi"],"_links":{"self":[{"href":"https:\/\/archive.sana.sy\/tr\/index.php?rest_route=\/wp\/v2\/posts\/294214","targetHints":{"allow":["GET"]}}],"collection":[{"href":"https:\/\/archive.sana.sy\/tr\/index.php?rest_route=\/wp\/v2\/posts"}],"about":[{"href":"https:\/\/archive.sana.sy\/tr\/index.php?rest_route=\/wp\/v2\/types\/post"}],"author":[{"embeddable":true,"href":"https:\/\/archive.sana.sy\/tr\/index.php?rest_route=\/wp\/v2\/users\/41"}],"replies":[{"embeddable":true,"href":"https:\/\/archive.sana.sy\/tr\/index.php?rest_route=%2Fwp%2Fv2%2Fcomments&post=294214"}],"version-history":[{"count":1,"href":"https:\/\/archive.sana.sy\/tr\/index.php?rest_route=\/wp\/v2\/posts\/294214\/revisions"}],"predecessor-version":[{"id":294216,"href":"https:\/\/archive.sana.sy\/tr\/index.php?rest_route=\/wp\/v2\/posts\/294214\/revisions\/294216"}],"wp:featuredmedia":[{"embeddable":true,"href":"https:\/\/archive.sana.sy\/tr\/index.php?rest_route=\/wp\/v2\/media\/294215"}],"wp:attachment":[{"href":"https:\/\/archive.sana.sy\/tr\/index.php?rest_route=%2Fwp%2Fv2%2Fmedia&parent=294214"}],"wp:term":[{"taxonomy":"category","embeddable":true,"href":"https:\/\/archive.sana.sy\/tr\/index.php?rest_route=%2Fwp%2Fv2%2Fcategories&post=294214"},{"taxonomy":"post_tag","embeddable":true,"href":"https:\/\/archive.sana.sy\/tr\/index.php?rest_route=%2Fwp%2Fv2%2Ftags&post=294214"}],"curies":[{"name":"wp","href":"https:\/\/api.w.org\/{rel}","templated":true}]}}