{"id":294229,"date":"2023-12-28T16:19:18","date_gmt":"2023-12-28T13:19:18","guid":{"rendered":"https:\/\/sana.sy\/tr\/?p=294229"},"modified":"2023-12-29T09:26:38","modified_gmt":"2023-12-29T06:26:38","slug":"israilin-gazze-seridindeki-saldirganliklari-sonucu-86-bin-filistinli-magdur","status":"publish","type":"post","link":"https:\/\/archive.sana.sy\/tr\/?p=294229","title":{"rendered":"\u0130srail&#8217;in Gazze \u015eeridi&#8217;ndeki Sald\u0131rganl\u0131klar\u0131 Sonucu\u00a0 86 Bin Filistinli Ma\u011fdur\u00a0"},"content":{"rendered":"<p style=\"text-align: justify;\"><strong>\u0130\u015eGAL ED\u0130LEN KUD\u00dcS 28 ARALIK (SANA)<\/strong> &#8211; Soyk\u0131r\u0131m niteli\u011findeki sava\u015f, cinayetler, saha infazlar\u0131, evlerin ve altyap\u0131n\u0131n bombalanmas\u0131, insanlar\u0131n a\u00e7 ve susuz kalmas\u0131, \u0130srail i\u015fgalinin felakete u\u011fram\u0131\u015f Gazze \u015eeridi&#8217;nde 83. g\u00fcnd\u00fcr i\u015flemeye devam etti\u011fi sava\u015f su\u00e7lar\u0131 ve insanl\u0131\u011fa kar\u015f\u0131 su\u00e7lard\u0131r.<\/p>\n<p style=\"text-align: justify;\"><img loading=\"lazy\" decoding=\"async\" class=\"size-full wp-image-294231 alignright\" src=\"http:\/\/sana.sy\/tr\/wp-content\/uploads\/2023\/12\/011-300x200-1.jpg\" alt=\"\" width=\"300\" height=\"200\" \/>Bu su\u00e7lar, sald\u0131r\u0131y\u0131 durdurmay\u0131 ba\u015faramayan, Filistin halk\u0131na uluslararas\u0131 koruma sa\u011flamayan ve Gazze \u015eeridi&#8217;ne temel insani ihtiya\u00e7lar\u0131n ula\u015fmas\u0131n\u0131 sa\u011flamayan uluslararas\u0131 toplumun g\u00f6z\u00fc \u00f6n\u00fcnde i\u015fleniyor.<\/p>\n<p style=\"text-align: justify;\">Gazze \u015eeridi&#8217;ndeki insani durum her ge\u00e7en g\u00fcn daha da zor ve felaket hale gelirken, 86 bin ki\u015fi vah\u015fi sald\u0131r\u0131n\u0131n kurban\u0131 oldu, yaraland\u0131, kayboldu veya g\u00f6zalt\u0131na al\u0131nd\u0131.<\/p>\n<p style=\"text-align: justify;\">1,8 milyondan fazlas\u0131 yerinden edilmi\u015f ki\u015fi de dahil olmak \u00fczere 2,4 milyon ki\u015fi, k\u00f6t\u00fc ya\u015fam ko\u015fullar\u0131ndan ve bar\u0131nak kayb\u0131ndan muzdariptir ve ya bombalama nedeniyle ya da k\u0131tl\u0131k ve ku\u015fatma sonucunda yay\u0131lan salg\u0131n hastal\u0131klar nedeniyle \u00f6l\u00fcmle tehdit edilmektedir. Durum, Gazze \u015eeridi&#8217;ne giren i\u015fgalci g\u00fc\u00e7lerin par\u00e7alanmas\u0131n\u0131n vah\u015fetini art\u0131r\u0131yor.<\/p>\n<p style=\"text-align: justify;\">1779 katilam i\u015fgal taraf\u0131ndan i\u015flendi.<\/p>\n<p style=\"text-align: justify;\">Hastanelere ula\u015fan 21.110 \u015fehit.<\/p>\n<p style=\"text-align: justify;\">8.800 \u00e7ocuk \u015fehit.<\/p>\n<p style=\"text-align: justify;\">6.300 \u015fehit.<\/p>\n<p style=\"text-align: justify;\">131 sa\u011fl\u0131k personeli \u015fehit.<\/p>\n<p style=\"text-align: justify;\">Sivil savunmadan 40 \u015fehit.<\/p>\n<p style=\"text-align: justify;\">105 gazeteci \u015fehit.<\/p>\n<p style=\"text-align: justify;\">Y\u00fczde 70&#8217;i \u00e7ocuk ve kad\u0131n olmak \u00fczere 7 bin ki\u015fi kay\u0131p.<\/p>\n<p style=\"text-align: justify;\">55.243 yaral\u0131.<\/p>\n<p style=\"text-align: justify;\">101&#8217;i sa\u011fl\u0131k personeli ve 9&#8217;u gazeteci olmak \u00fczere 2.600 tutuklu.<\/p>\n<p style=\"text-align: justify;\">1,8 milyon yerinden edilmi\u015f insan, yani Gazze \u015eeridi n\u00fcfusunun y\u00fczde 80&#8217;i.<\/p>\n<p style=\"text-align: justify;\">Yerinden edilmenin bir sonucu olarak 355 bin belgelenmi\u015f bula\u015f\u0131c\u0131 hastal\u0131k vakas\u0131.<\/p>\n<p style=\"text-align: justify;\">\u0130\u015fgal sonucunda 126 kararg\u00e2h ve kurum tahrip edildi.<\/p>\n<p style=\"text-align: justify;\">\u0130\u015fgal nedeniyle 92 okul ve \u00fcniversite tamamen y\u0131k\u0131ld\u0131, 286 okul ve \u00fcniversite ise k\u0131smen hasar g\u00f6rd\u00fc.<\/p>\n<p style=\"text-align: justify;\">\u0130\u015fgal nedeniyle 65 bin konut tamamen, 290 bin konut ise k\u0131smen y\u0131k\u0131ld\u0131.<\/p>\n<p style=\"text-align: justify;\">\u0130\u015fgal nedeniyle 23 hastane ve 53 sa\u011fl\u0131k oca\u011f\u0131 hizmet d\u0131\u015f\u0131 b\u0131rak\u0131ld\u0131.<\/p>\n<p style=\"text-align: justify;\">\u0130\u015fgalde 140 sa\u011fl\u0131k kurumu bombaland\u0131.<\/p>\n<p style=\"text-align: justify;\">\u0130<img loading=\"lazy\" decoding=\"async\" class=\"size-full wp-image-294232 alignright\" src=\"http:\/\/sana.sy\/tr\/wp-content\/uploads\/2023\/12\/013-300x200-1.jpg\" alt=\"\" width=\"300\" height=\"200\" \/>\u015fgal nedeniyle 102 ambulans imha edildi.<\/p>\n<p style=\"text-align: justify;\">\u0130\u015fgal s\u0131ras\u0131nda 115 cami tamamen, 200 cami ise k\u0131smen y\u0131k\u0131ld\u0131.<\/p>\n<p style=\"text-align: justify;\">Bombalamada 3 kilise hasar g\u00f6rd\u00fc.<\/p>\n<p style=\"text-align: justify;\">Filistinliler, uluslararas\u0131 topluma her g\u00fcn \u0130srail sald\u0131rganl\u0131\u011f\u0131n\u0131 durdurma ve Gazze \u015eeridi&#8217;ne insani yard\u0131m ula\u015ft\u0131rmak i\u00e7in t\u00fcm ge\u00e7i\u015fleri derhal a\u00e7ma \u00e7a\u011fr\u0131s\u0131nda bulunuyor.<\/p>\n<p style=\"text-align: justify;\">\u015eu anda gelen yard\u0131m, ac\u0131mas\u0131z sava\u015f \u0131\u015f\u0131\u011f\u0131ndaki devasa ihtiya\u00e7lar\u0131n yaln\u0131zca y\u00fczde 2&#8217;sini kar\u015f\u0131l\u0131yor.<\/p>\n<p style=\"text-align: justify;\">Filistinliler ayr\u0131ca g\u00fcnde 1.000 kamyon ger\u00e7ek malzeme ve yard\u0131m, bir milyon litre yak\u0131t\u0131n ve on binlerce yaral\u0131 ve hastay\u0131 tedavi edecek t\u0131bbi donan\u0131ma sahip sahra hastanelerinin giri\u015fini talep ediyor.<\/p>\n<p style=\"text-align: center;\"><strong><a href=\"https:\/\/t.me\/SuriyeArapHaberAjansI\">Telegram Kanal\u0131m\u0131z\u00a0<\/a>||<a href=\"https:\/\/twitter.com\/arap_ajans\">X Platformumuz\u00a0<\/a>||<a href=\"https:\/\/www.facebook.com\/SANAHaberAjansi\/\">Facebook Sayfam\u0131z<\/a><\/strong><\/p>\n","protected":false},"excerpt":{"rendered":"<p>\u0130\u015eGAL ED\u0130LEN KUD\u00dcS 28 ARALIK (SANA) &#8211; Soyk\u0131r\u0131m niteli\u011findeki sava\u015f, cinayetler, saha infazlar\u0131, evlerin ve altyap\u0131n\u0131n bombalanmas\u0131, insanlar\u0131n a\u00e7 ve susuz kalmas\u0131, \u0130srail i\u015fgalinin felakete u\u011fram\u0131\u015f Gazze \u015eeridi&#8217;nde 83. g\u00fcnd\u00fcr i\u015flemeye devam etti\u011fi sava\u015f su\u00e7lar\u0131 ve insanl\u0131\u011fa kar\u015f\u0131 su\u00e7lard\u0131r. Bu su\u00e7lar, sald\u0131r\u0131y\u0131 durdurmay\u0131 ba\u015faramayan, Filistin halk\u0131na uluslararas\u0131 koruma sa\u011flamayan ve Gazze \u015eeridi&#8217;ne temel insani ihtiya\u00e7lar\u0131n &hellip;<\/p>\n","protected":false},"author":41,"featured_media":294230,"comment_status":"closed","ping_status":"closed","sticky":false,"template":"","format":"standard","meta":{"footnotes":""},"categories":[458,459,17988],"tags":[40653],"class_list":["post-294229","post","type-post","status-publish","format-standard","has-post-thumbnail","","category-dunya1","category-haberler-arap-uluslararasi-politika","category-son-haberler","tag-israilin-gazze-seridindeki-saldirganliklari-sonucu-86-bin-filistinli-magdur"],"_links":{"self":[{"href":"https:\/\/archive.sana.sy\/tr\/index.php?rest_route=\/wp\/v2\/posts\/294229","targetHints":{"allow":["GET"]}}],"collection":[{"href":"https:\/\/archive.sana.sy\/tr\/index.php?rest_route=\/wp\/v2\/posts"}],"about":[{"href":"https:\/\/archive.sana.sy\/tr\/index.php?rest_route=\/wp\/v2\/types\/post"}],"author":[{"embeddable":true,"href":"https:\/\/archive.sana.sy\/tr\/index.php?rest_route=\/wp\/v2\/users\/41"}],"replies":[{"embeddable":true,"href":"https:\/\/archive.sana.sy\/tr\/index.php?rest_route=%2Fwp%2Fv2%2Fcomments&post=294229"}],"version-history":[{"count":1,"href":"https:\/\/archive.sana.sy\/tr\/index.php?rest_route=\/wp\/v2\/posts\/294229\/revisions"}],"predecessor-version":[{"id":294233,"href":"https:\/\/archive.sana.sy\/tr\/index.php?rest_route=\/wp\/v2\/posts\/294229\/revisions\/294233"}],"wp:featuredmedia":[{"embeddable":true,"href":"https:\/\/archive.sana.sy\/tr\/index.php?rest_route=\/wp\/v2\/media\/294230"}],"wp:attachment":[{"href":"https:\/\/archive.sana.sy\/tr\/index.php?rest_route=%2Fwp%2Fv2%2Fmedia&parent=294229"}],"wp:term":[{"taxonomy":"category","embeddable":true,"href":"https:\/\/archive.sana.sy\/tr\/index.php?rest_route=%2Fwp%2Fv2%2Fcategories&post=294229"},{"taxonomy":"post_tag","embeddable":true,"href":"https:\/\/archive.sana.sy\/tr\/index.php?rest_route=%2Fwp%2Fv2%2Ftags&post=294229"}],"curies":[{"name":"wp","href":"https:\/\/api.w.org\/{rel}","templated":true}]}}