{"id":294239,"date":"2023-12-28T17:05:38","date_gmt":"2023-12-28T14:05:38","guid":{"rendered":"https:\/\/sana.sy\/tr\/?p=294239"},"modified":"2024-01-02T08:30:34","modified_gmt":"2024-01-02T05:30:34","slug":"cumhurbaskani-esad-devlet-mulklerinin-yonetimi-ve-korunmasi-genel-otoritesini-kuran-bir-yasa-cikardi","status":"publish","type":"post","link":"https:\/\/archive.sana.sy\/tr\/?p=294239","title":{"rendered":"Cumhurba\u015fkan\u0131 Esad, Devlet M\u00fclklerinin Y\u00f6netimi Ve Korunmas\u0131 Genel Otoritesini Kuran Bir Yasa \u00c7\u0131kard\u0131"},"content":{"rendered":"<p style=\"text-align: justify;\"><strong>\u015eAM 28 ARALIK (SANA)<\/strong> &#8211; Bug\u00fcn Cumhurba\u015fkan\u0131 Be\u015far Esad, \u015eam merkezli (Devlet Mallar\u0131n\u0131n Y\u00f6netimi ve Korunmas\u0131 Genel Kurumu) ad\u0131nda idari nitelikte bir kamu otoritesi kuran 2023 tarih ve (43) say\u0131l\u0131 Kanun&#8217;u \u00e7\u0131kard\u0131.<\/p>\n<p style=\"text-align: justify;\">Kararname, devletin \u00f6zel m\u00fclkiyetini en iyi \u015fekilde korumay\u0131, y\u00f6netmeyi, s\u00fcrd\u00fcrmeyi ve yat\u0131r\u0131m yapmay\u0131 ama\u00e7l\u0131yor.<\/p>\n<p style=\"text-align: center;\"><strong><a href=\"https:\/\/t.me\/SuriyeArapHaberAjansI\">Telegram Kanal\u0131m\u0131z\u00a0<\/a>||<a href=\"https:\/\/twitter.com\/arap_ajans\">X Platformumuz\u00a0<\/a>||<a href=\"https:\/\/www.facebook.com\/SANAHaberAjansi\/\">Facebook Sayfam\u0131z<\/a><\/strong><\/p>\n","protected":false},"excerpt":{"rendered":"<p>\u015eAM 28 ARALIK (SANA) &#8211; Bug\u00fcn Cumhurba\u015fkan\u0131 Be\u015far Esad, \u015eam merkezli (Devlet Mallar\u0131n\u0131n Y\u00f6netimi ve Korunmas\u0131 Genel Kurumu) ad\u0131nda idari nitelikte bir kamu otoritesi kuran 2023 tarih ve (43) say\u0131l\u0131 Kanun&#8217;u \u00e7\u0131kard\u0131. Kararname, devletin \u00f6zel m\u00fclkiyetini en iyi \u015fekilde korumay\u0131, y\u00f6netmeyi, s\u00fcrd\u00fcrmeyi ve yat\u0131r\u0131m yapmay\u0131 ama\u00e7l\u0131yor. Telegram Kanal\u0131m\u0131z\u00a0||X Platformumuz\u00a0||Facebook Sayfam\u0131z<\/p>\n","protected":false},"author":41,"featured_media":294240,"comment_status":"closed","ping_status":"closed","sticky":false,"template":"","format":"standard","meta":{"footnotes":""},"categories":[606,605,17988],"tags":[38219,40655],"class_list":["post-294239","post","type-post","status-publish","format-standard","has-post-thumbnail","","category-cumhurbaskani","category-sayin-cumhurbaskani","category-son-haberler","tag-cumhurbaskani-esad","tag-devlet-mulklerinin-yonetimi-ve-korunmasi-genel-otoritesini-kuran-bir-yasa-cikardi"],"_links":{"self":[{"href":"https:\/\/archive.sana.sy\/tr\/index.php?rest_route=\/wp\/v2\/posts\/294239","targetHints":{"allow":["GET"]}}],"collection":[{"href":"https:\/\/archive.sana.sy\/tr\/index.php?rest_route=\/wp\/v2\/posts"}],"about":[{"href":"https:\/\/archive.sana.sy\/tr\/index.php?rest_route=\/wp\/v2\/types\/post"}],"author":[{"embeddable":true,"href":"https:\/\/archive.sana.sy\/tr\/index.php?rest_route=\/wp\/v2\/users\/41"}],"replies":[{"embeddable":true,"href":"https:\/\/archive.sana.sy\/tr\/index.php?rest_route=%2Fwp%2Fv2%2Fcomments&post=294239"}],"version-history":[{"count":1,"href":"https:\/\/archive.sana.sy\/tr\/index.php?rest_route=\/wp\/v2\/posts\/294239\/revisions"}],"predecessor-version":[{"id":294241,"href":"https:\/\/archive.sana.sy\/tr\/index.php?rest_route=\/wp\/v2\/posts\/294239\/revisions\/294241"}],"wp:featuredmedia":[{"embeddable":true,"href":"https:\/\/archive.sana.sy\/tr\/index.php?rest_route=\/wp\/v2\/media\/294240"}],"wp:attachment":[{"href":"https:\/\/archive.sana.sy\/tr\/index.php?rest_route=%2Fwp%2Fv2%2Fmedia&parent=294239"}],"wp:term":[{"taxonomy":"category","embeddable":true,"href":"https:\/\/archive.sana.sy\/tr\/index.php?rest_route=%2Fwp%2Fv2%2Fcategories&post=294239"},{"taxonomy":"post_tag","embeddable":true,"href":"https:\/\/archive.sana.sy\/tr\/index.php?rest_route=%2Fwp%2Fv2%2Ftags&post=294239"}],"curies":[{"name":"wp","href":"https:\/\/api.w.org\/{rel}","templated":true}]}}